{"id":39038,"date":"2023-12-27T18:07:26","date_gmt":"2023-12-27T18:07:26","guid":{"rendered":"http:\/\/lahora.mx\/?p=39038"},"modified":"2023-12-27T18:07:27","modified_gmt":"2023-12-27T18:07:27","slug":"gerencia-municipal-no-desaparecera-asegura-adan-dominguez","status":"publish","type":"post","link":"https:\/\/lahora.mx\/index.php\/2023\/12\/27\/gerencia-municipal-no-desaparecera-asegura-adan-dominguez\/","title":{"rendered":"Gerencia municipal no desaparecer\u00e1; asegura Ad\u00e1n Dom\u00ednguez"},"content":{"rendered":"\n<p>El puesto de la Gerencia Municipal de Puebla no desaparecer\u00e1 y ser\u00e1 en las pr\u00f3ximas semanas cuando se designe al nuevo perfil, puntualiz\u00f3 el alcalde capitalino, Ad\u00e1n Dom\u00ednguez.<\/p>\n\n\n\n<p>En entrevista, despu\u00e9s de anunciar la rehabilitaci\u00f3n de la cancha y parque en Lomas de San Miguel, el panista asegur\u00f3 que la Gerencia Municipal va a seguir funcionando de la manera como ha venido trabajando en los \u00faltimos dos a\u00f1os de administraci\u00f3n.<\/p>\n\n\n\n<p>Cabe mencionar que despu\u00e9s de que Eduardo Rivera P\u00e9rez design\u00f3 a Dom\u00ednguez S\u00e1nchez como su sustituto y quien estar\u00e1 al frente del Ayuntamiento durante los 10 meses restantes de su periodo, la gerencia se qued\u00f3 sin un funcionario p\u00fablico.<\/p>\n\n\n\n<p>Dom\u00ednguez S\u00e1nchez tambi\u00e9n explic\u00f3 que el perfil de la Gerencia tendr\u00e1 que ser una persona que conozca la administraci\u00f3n, que ayude a ir preparando el cierre del tercer a\u00f1o de gobierno.<\/p>\n\n\n\n<p>\u00abSer\u00e1 una persona de la propia administraci\u00f3n, del propio equipo quien asuma esa responsabilidad. Todav\u00eda no he tomado la decisi\u00f3n, pero la estar\u00e9 tomando en pr\u00f3ximos d\u00edas y se dar\u00e1 a conocer\u00bb, declar\u00f3.<\/p>\n\n\n\n<p>Ad\u00e1n Dom\u00ednguez: hasta el momento, se mantiene plantilla del gabinete<br>En otro tema, coment\u00f3 que hasta el momento ning\u00fan secretario o regidor ha externado su inter\u00e9s para renunciar al cargo o pedir licencia y participar en la elecci\u00f3n de 2024.<\/p>\n\n\n\n<p>Enfatiz\u00f3 que quienes forman parte del gabinete confirmado desde 2021 siguen y seguir\u00e1n trabajando en favor temas de seguridad, obra p\u00fablica y movilidad.<\/p>\n\n\n\n<p>\u00abNo ha habido una persona que haya decidido renunciar al cargo o pedir licencia, cuando as\u00ed sea lo estaremos comunicando y se estar\u00e1 nombrando a los nuevos responsables si fuera el caso\u00bb, apunt\u00f3.<\/p>\n","protected":false},"excerpt":{"rendered":"<p>El puesto de la Gerencia Municipal de Puebla no desaparecer\u00e1 y ser\u00e1 en las pr\u00f3ximas semanas cuando se designe al nuevo perfil, puntualiz\u00f3 el alcalde capitalino, Ad\u00e1n Dom\u00ednguez. En entrevista, despu\u00e9s de anunciar la rehabilitaci\u00f3n de la cancha y parque en Lomas de San Miguel, el panista asegur\u00f3 que la Gerencia Municipal va a seguir [&hellip;]<\/p>\n","protected":false},"author":4,"featured_media":39039,"comment_status":"open","ping_status":"open","sticky":false,"template":"","format":"standard","meta":{"om_disable_all_campaigns":false,"_monsterinsights_skip_tracking":false,"_monsterinsights_sitenote_active":false,"_monsterinsights_sitenote_note":"","_monsterinsights_sitenote_category":0,"footnotes":""},"categories":[175],"tags":[223],"class_list":["post-39038","post","type-post","status-publish","format-standard","has-post-thumbnail","hentry","category-local","tag-puebla"],"amp_enabled":true,"_links":{"self":[{"href":"https:\/\/lahora.mx\/index.php\/wp-json\/wp\/v2\/posts\/39038","targetHints":{"allow":["GET"]}}],"collection":[{"href":"https:\/\/lahora.mx\/index.php\/wp-json\/wp\/v2\/posts"}],"about":[{"href":"https:\/\/lahora.mx\/index.php\/wp-json\/wp\/v2\/types\/post"}],"author":[{"embeddable":true,"href":"https:\/\/lahora.mx\/index.php\/wp-json\/wp\/v2\/users\/4"}],"replies":[{"embeddable":true,"href":"https:\/\/lahora.mx\/index.php\/wp-json\/wp\/v2\/comments?post=39038"}],"version-history":[{"count":1,"href":"https:\/\/lahora.mx\/index.php\/wp-json\/wp\/v2\/posts\/39038\/revisions"}],"predecessor-version":[{"id":39040,"href":"https:\/\/lahora.mx\/index.php\/wp-json\/wp\/v2\/posts\/39038\/revisions\/39040"}],"wp:featuredmedia":[{"embeddable":true,"href":"https:\/\/lahora.mx\/index.php\/wp-json\/wp\/v2\/media\/39039"}],"wp:attachment":[{"href":"https:\/\/lahora.mx\/index.php\/wp-json\/wp\/v2\/media?parent=39038"}],"wp:term":[{"taxonomy":"category","embeddable":true,"href":"https:\/\/lahora.mx\/index.php\/wp-json\/wp\/v2\/categories?post=39038"},{"taxonomy":"post_tag","embeddable":true,"href":"https:\/\/lahora.mx\/index.php\/wp-json\/wp\/v2\/tags?post=39038"}],"curies":[{"name":"wp","href":"https:\/\/api.w.org\/{rel}","templated":true}]}}