{"id":38998,"date":"2023-12-26T18:19:42","date_gmt":"2023-12-26T18:19:42","guid":{"rendered":"http:\/\/lahora.mx\/?p=38998"},"modified":"2023-12-26T18:19:42","modified_gmt":"2023-12-26T18:19:42","slug":"eduardo-rivera-y-fernando-morales-arrancan-su-precampana-en-redes-sociales","status":"publish","type":"post","link":"https:\/\/lahora.mx\/index.php\/2023\/12\/26\/eduardo-rivera-y-fernando-morales-arrancan-su-precampana-en-redes-sociales\/","title":{"rendered":"Eduardo Rivera y Fernando Morales arrancan su precampa\u00f1a en redes sociales"},"content":{"rendered":"\n<p>Los aspirantes a la gubernatura de Puebla, Eduardo Rivera P\u00e9rez, de la coalici\u00f3n PAN,PRI y PRD, y Fernando Morales de MC, iniciaron el proceso de precampa\u00f1a s\u00f3lo con videos en redes sociales.<\/p>\n\n\n\n<p>A diferencia del aspirante de Morena, Alejandro Armenta, quien encabez\u00f3 un evento multitudinario en la plaza del Cuexcomate, los otros dos competidores por la gubernatura prefirieron hacer videos y difundirlos en sus cuentas de redes sociales.<\/p>\n\n\n\n<p>Los aspirantes pueden llevar a cabo actividades de precampa\u00f1a a partir de este 25 de diciembre y hasta el 3 de enero, de acuerdo con el calendario establecido por el Instituto Nacional Electoral (INE).<\/p>\n\n\n\n<p>\u00abA\u00f1o nuevo con rumbo nuevo\u00bb, fue parte del mensaje del precandidato de la coalici\u00f3n Mejor Rumbo para Puebla, integrada por PAN, PRI, PRD y PSI, Eduardo Rivera, en su b\u00fasqueda por la gubernatura del estado.<\/p>\n\n\n\n<p>Mediante un video publicado en las redes sociales, el expresidente municipal arranc\u00f3 formalmente el periodo de precampa\u00f1a en el marco de la celebraci\u00f3n de Navidad, el cual concluir\u00e1 el 3 de enero de 2024.<\/p>\n\n\n\n<p>En el video de apenas 30 segundos se ve al pol\u00edtico panista acompa\u00f1ado de su esposa Liliana Ortiz y sus hijos realizando una videollamada con poblanos dese\u00e1ndoles un felices fiestas.<\/p>\n\n\n\n<p>\u201cLes hablo para desearles un feliz A\u00f1o Nuevo con mucha salud y alegr\u00eda, s\u00e9 que compartimos el deseo de que el 2024 nos vaya bien a todos y que tengamos una Puebla mejor\u201d, expres\u00f3 en el video.<\/p>\n\n\n\n<p>Asimismo, Eduardo Rivera se\u00f1ala que si pudo \u201cmejorar el rumbo\u201d de Puebla capital lo puede repetir a nivel estatal.<\/p>\n\n\n\n<p>Fernando Morales inicia labores de precampa\u00f1a<br>Fernando Morales, precandidato \u00fanico del partido Movimiento Ciudadano (MC), arranc\u00f3 formalmente el periodo de precampa\u00f1a en su b\u00fasqueda por gobernar Puebla.<\/p>\n\n\n\n<p>El diputado local lanz\u00f3 un video en sus redes sociales en donde se le ve caminando cerca de un mirador y lanza su primer mensaje: \u201cDespierta Puebla a un nuevo amanecer naranja. En esta tierra hermosa, los poblanos caminamos solos en la oscuridad y el miedo\u201d.<\/p>\n\n\n\n<p>\u201cSoy Fer Morales, la tercera v\u00eda existe, con un l\u00edder que est\u00e9 a la altura de la grandeza de Puebla\u201d, finaliza el video acompa\u00f1ado de simpatizantes a su alrededor.<\/p>\n","protected":false},"excerpt":{"rendered":"<p>Los aspirantes a la gubernatura de Puebla, Eduardo Rivera P\u00e9rez, de la coalici\u00f3n PAN,PRI y PRD, y Fernando Morales de MC, iniciaron el proceso de precampa\u00f1a s\u00f3lo con videos en redes sociales. A diferencia del aspirante de Morena, Alejandro Armenta, quien encabez\u00f3 un evento multitudinario en la plaza del Cuexcomate, los otros dos competidores por [&hellip;]<\/p>\n","protected":false},"author":4,"featured_media":38999,"comment_status":"open","ping_status":"open","sticky":false,"template":"","format":"standard","meta":{"om_disable_all_campaigns":false,"_monsterinsights_skip_tracking":false,"_monsterinsights_sitenote_active":false,"_monsterinsights_sitenote_note":"","_monsterinsights_sitenote_category":0,"footnotes":""},"categories":[175],"tags":[223],"class_list":["post-38998","post","type-post","status-publish","format-standard","has-post-thumbnail","hentry","category-local","tag-puebla"],"amp_enabled":true,"_links":{"self":[{"href":"https:\/\/lahora.mx\/index.php\/wp-json\/wp\/v2\/posts\/38998","targetHints":{"allow":["GET"]}}],"collection":[{"href":"https:\/\/lahora.mx\/index.php\/wp-json\/wp\/v2\/posts"}],"about":[{"href":"https:\/\/lahora.mx\/index.php\/wp-json\/wp\/v2\/types\/post"}],"author":[{"embeddable":true,"href":"https:\/\/lahora.mx\/index.php\/wp-json\/wp\/v2\/users\/4"}],"replies":[{"embeddable":true,"href":"https:\/\/lahora.mx\/index.php\/wp-json\/wp\/v2\/comments?post=38998"}],"version-history":[{"count":1,"href":"https:\/\/lahora.mx\/index.php\/wp-json\/wp\/v2\/posts\/38998\/revisions"}],"predecessor-version":[{"id":39000,"href":"https:\/\/lahora.mx\/index.php\/wp-json\/wp\/v2\/posts\/38998\/revisions\/39000"}],"wp:featuredmedia":[{"embeddable":true,"href":"https:\/\/lahora.mx\/index.php\/wp-json\/wp\/v2\/media\/38999"}],"wp:attachment":[{"href":"https:\/\/lahora.mx\/index.php\/wp-json\/wp\/v2\/media?parent=38998"}],"wp:term":[{"taxonomy":"category","embeddable":true,"href":"https:\/\/lahora.mx\/index.php\/wp-json\/wp\/v2\/categories?post=38998"},{"taxonomy":"post_tag","embeddable":true,"href":"https:\/\/lahora.mx\/index.php\/wp-json\/wp\/v2\/tags?post=38998"}],"curies":[{"name":"wp","href":"https:\/\/api.w.org\/{rel}","templated":true}]}}