{"id":38958,"date":"2023-12-24T17:56:59","date_gmt":"2023-12-24T17:56:59","guid":{"rendered":"http:\/\/lahora.mx\/?p=38958"},"modified":"2023-12-24T17:57:00","modified_gmt":"2023-12-24T17:57:00","slug":"belen-sumergida-en-una-triste-navidad-tras-la-guerra-en-gaza","status":"publish","type":"post","link":"https:\/\/lahora.mx\/index.php\/2023\/12\/24\/belen-sumergida-en-una-triste-navidad-tras-la-guerra-en-gaza\/","title":{"rendered":"Bel\u00e9n sumergida en una triste Navidad tras la guerra en Gaza"},"content":{"rendered":"\n<p>Sin un gran \u00e1rbol navide\u00f1o ni un pesebre deslumbrante, un ambiente triste predomina este a\u00f1o en Bel\u00e9n, la ciudad donde naci\u00f3 Jes\u00fas seg\u00fan la tradici\u00f3n cristiana, en la v\u00edspera de una Navidad marcada por la guerra de Gaza. Este domingo a medianoche se espera que haya pocos fieles y turistas en la tradicional misa de Navidad en esta localidad, ubicada en el enclave palestino ocupado de Cisjordania.<\/p>\n\n\n\n<p>Los turistas huyeron de la regi\u00f3n desde el inicio de la guerra entre Israel y Ham\u00e1s el 7 de octubre. Los cristianos palestinos no tienen el \u00e1nimo para festejar la Navidad al mismo tiempo que bombardean a sus compatriotas en Gaza. Las autoridades municipales de Bel\u00e9n cancelaron la mayor\u00eda de los actos navide\u00f1os.<\/p>\n\n\n\n<p>Celebraci\u00f3n de Navidad en Bel\u00e9n. (AFP)<\/p>\n\n\n\n<p>\u00abEs dif\u00edcil de celebrar algo en un momento en que nuestro pueblo est\u00e1 muriendo\u00bb, dijo Nicole Najjar, una estudiante de 18 a\u00f1os entrevistada en una plaza del Pesebre desierta. \u00abMuchos est\u00e1n muriendo por esta tierra\u00bb, lamenta.<\/p>\n\n\n\n<p>En la plaza de la Natividad, en el lugar en que sol\u00edan poner un gran \u00e1rbol de Navidad y un pesebre de talla humana, han instalado una obra de arte que representa a Mar\u00eda y Jos\u00e9 en medio de los escombros y detr\u00e1s de un alambre de espinos. Es una referencia evidente a la tragedia en Gaza. En uno de los inmuebles de la plaza, hay colgada una gran pancarta con el mensaje: \u00abDetengan el genocidio, los desplazamientos forzados y levanten el bloqueo\u00bb.<\/p>\n\n\n\n<p>El Ministerio de Salud de Gaza, gobernada por Ham\u00e1s, anunci\u00f3 el domingo que los bombardeos e incursiones terrestres de Israel en ese territorio palestino provocaron 20 mil 424 muertos, la mayor\u00eda de ellos mujeres y menores, desde el 7 de octubre. Cerca de mil 140 personas murieron en territorio israel\u00ed en el ataque sin precedentes de Ham\u00e1s que desat\u00f3 la ofensiva israel\u00ed.<\/p>\n\n\n\n<p>Los bombardeos del ej\u00e9rcito de Israel tambi\u00e9n afectaron las iglesias, donde se refugiaron unos mil palestinos cristianos. El Patriarcado Latino de Jerusal\u00e9n denunci\u00f3 la semana pasada la muerte de una madre y su hija, debido a disparos del ej\u00e9rcito israel\u00ed, en la \u00fanica iglesia cat\u00f3lica en la Ciudad de Gaza.<\/p>\n\n\n\n<p>Celebraci\u00f3n de Navidad en Bel\u00e9n. (AFP)<br>El Patriarca de Jerusal\u00e9n, Pierbattista Pizzaballa, dijo este domingo en su llegada a Bel\u00e9n que \u00abhace falta acabar con las hostilidades, ya que la violencia solo engendra m\u00e1s violencia\u00bb.<\/p>\n\n\n\n<p>\u00abEl mensaje de Navidad no es la violencia, sino la paz. Queremos la paz, sobre todo para los palestinos que la esperan desde hace demasiado tiempo\u00bb, a\u00f1adi\u00f3.<\/p>\n\n\n\n<p>Durante la ma\u00f1ana, habitantes de Bel\u00e9n, tanto cristianos como musulmanes, ondearon una grande bandera palestina en la plaza del Pesebre.<\/p>\n\n\n\n<p>\u00abNadie vendr\u00e1. Hemos abierto porque es Navidad y ten\u00edamos que hacerlo\u00bb, asegura Amir Giacaman, de 29 a\u00f1os, propietario de una tienda de pesebres y otros objetos de arte lit\u00fargico. Giacaman lamenta una ca\u00edda en el n\u00famero de turistas m\u00e1s pronunciada que durante la pandemia: \u00abCon el covid-19, tuvimos unos a\u00f1os malos, pero nada que ver con esto\u00bb.<\/p>\n\n\n\n<p>\u00abNo tenemos el \u00e1nimo para celebraciones al mismo tiempo que en Gaza se produce un genocidio y en Cisjordania lloramos a j\u00f3venes abatidos por Israel y detenidos todos los d\u00edas\u00bb, reconoce Mitri Raheb, pastor de una iglesia luterana en esta localidad palestina. \u00abBel\u00e9n trajo Jes\u00fas al mundo. Ha llegado el momento en que el mundo traiga la paz a Bel\u00e9n y Gaza\u00bb, a\u00f1ade Raheb.<\/p>\n","protected":false},"excerpt":{"rendered":"<p>Sin un gran \u00e1rbol navide\u00f1o ni un pesebre deslumbrante, un ambiente triste predomina este a\u00f1o en Bel\u00e9n, la ciudad donde naci\u00f3 Jes\u00fas seg\u00fan la tradici\u00f3n cristiana, en la v\u00edspera de una Navidad marcada por la guerra de Gaza. Este domingo a medianoche se espera que haya pocos fieles y turistas en la tradicional misa de [&hellip;]<\/p>\n","protected":false},"author":4,"featured_media":38959,"comment_status":"open","ping_status":"open","sticky":false,"template":"","format":"standard","meta":{"om_disable_all_campaigns":false,"_monsterinsights_skip_tracking":false,"_monsterinsights_sitenote_active":false,"_monsterinsights_sitenote_note":"","_monsterinsights_sitenote_category":0,"footnotes":""},"categories":[183],"tags":[],"class_list":["post-38958","post","type-post","status-publish","format-standard","has-post-thumbnail","hentry","category-internacional"],"amp_enabled":true,"_links":{"self":[{"href":"https:\/\/lahora.mx\/index.php\/wp-json\/wp\/v2\/posts\/38958","targetHints":{"allow":["GET"]}}],"collection":[{"href":"https:\/\/lahora.mx\/index.php\/wp-json\/wp\/v2\/posts"}],"about":[{"href":"https:\/\/lahora.mx\/index.php\/wp-json\/wp\/v2\/types\/post"}],"author":[{"embeddable":true,"href":"https:\/\/lahora.mx\/index.php\/wp-json\/wp\/v2\/users\/4"}],"replies":[{"embeddable":true,"href":"https:\/\/lahora.mx\/index.php\/wp-json\/wp\/v2\/comments?post=38958"}],"version-history":[{"count":1,"href":"https:\/\/lahora.mx\/index.php\/wp-json\/wp\/v2\/posts\/38958\/revisions"}],"predecessor-version":[{"id":38960,"href":"https:\/\/lahora.mx\/index.php\/wp-json\/wp\/v2\/posts\/38958\/revisions\/38960"}],"wp:featuredmedia":[{"embeddable":true,"href":"https:\/\/lahora.mx\/index.php\/wp-json\/wp\/v2\/media\/38959"}],"wp:attachment":[{"href":"https:\/\/lahora.mx\/index.php\/wp-json\/wp\/v2\/media?parent=38958"}],"wp:term":[{"taxonomy":"category","embeddable":true,"href":"https:\/\/lahora.mx\/index.php\/wp-json\/wp\/v2\/categories?post=38958"},{"taxonomy":"post_tag","embeddable":true,"href":"https:\/\/lahora.mx\/index.php\/wp-json\/wp\/v2\/tags?post=38958"}],"curies":[{"name":"wp","href":"https:\/\/api.w.org\/{rel}","templated":true}]}}