{"id":38853,"date":"2023-12-21T16:49:53","date_gmt":"2023-12-21T16:49:53","guid":{"rendered":"http:\/\/lahora.mx\/?p=38853"},"modified":"2023-12-21T16:49:53","modified_gmt":"2023-12-21T16:49:53","slug":"reabren-la-autopista-mexico-puebla-tras-bloqueo-de-13-horas","status":"publish","type":"post","link":"https:\/\/lahora.mx\/index.php\/2023\/12\/21\/reabren-la-autopista-mexico-puebla-tras-bloqueo-de-13-horas\/","title":{"rendered":"reabren la autopista M\u00e9xico-Puebla, tras bloqueo de 13 horas"},"content":{"rendered":"\n<p>Despu\u00e9s de 13 horas de bloqueo, fue reabierta la circulaci\u00f3n en la autopista M\u00e9xico- Puebla, a la altura de Santa Ana Xalmimilulco.<\/p>\n\n\n\n<p>Esto, ante el retiro de los pobladores que se manifestaron para exigir la liberaci\u00f3n de siete personas detenidas por un enfrentamiento con elementos de la Polic\u00eda Estatal y municipal de Huejotzingo.<\/p>\n\n\n\n<p>Caminos y Puentes Federales (Capufe) confirm\u00f3 que el kil\u00f3metro 99 de la autopista fue liberado; sin embargo, advirti\u00f3 que el tr\u00e1fico registra aproximadamente 13 kil\u00f3metros de fila en direcci\u00f3n Puebla.<\/p>\n\n\n\n<p>Mientras que en direcci\u00f3n a la Ciudad de M\u00e9xico, inform\u00f3 que la circulaci\u00f3n opera de manera normal. En la zona permanecen en operativo vial unidades de Guardia Nacional del \u00e1rea de Carreteras y Capufe.<\/p>\n\n\n\n<p>A trav\u00e9s de redes sociales, los conductores se\u00f1alaron que el tr\u00e1fico est\u00e1 detenido sin avanzar, por lo que piden a las autoridades agilizar la circulaci\u00f3n en la zona.<\/p>\n\n\n\n<p>A su vez, la Secretar\u00eda de Gobernaci\u00f3n (Segob) inform\u00f3 que tras el enfrentamiento, seis polic\u00edas estatales resultaron lesionados, mientras que las siete personas detenidas fueron puestas a disposici\u00f3n del Ministerio P\u00fablico para el desahogo de la investigaci\u00f3n.<\/p>\n\n\n\n<p>Lo anterior luego de que el mi\u00e9rcoles por la tarde se registr\u00f3 un enfrentamiento ante la presencia de elementos de la Polic\u00eda Estatal en Santa Ana Xalmimilulco para acompa\u00f1ar a trabajadores de la empresa que est\u00e1 a cargo de un colector pluvial.<\/p>\n\n\n\n<p>Los empleados solicitaron el apoyo ante amenazas de los pobladores que manifestaron su rechazo por obras que se ejecutar\u00edan en esa localidad.<\/p>\n\n\n\n<p>El despliegue de elementos provoc\u00f3 molestia en los habitantes, quienes impidieron el paso a las autoridades y gener\u00f3 el conflicto.<\/p>\n","protected":false},"excerpt":{"rendered":"<p>Despu\u00e9s de 13 horas de bloqueo, fue reabierta la circulaci\u00f3n en la autopista M\u00e9xico- Puebla, a la altura de Santa Ana Xalmimilulco. Esto, ante el retiro de los pobladores que se manifestaron para exigir la liberaci\u00f3n de siete personas detenidas por un enfrentamiento con elementos de la Polic\u00eda Estatal y municipal de Huejotzingo. Caminos y [&hellip;]<\/p>\n","protected":false},"author":4,"featured_media":38854,"comment_status":"open","ping_status":"open","sticky":false,"template":"","format":"standard","meta":{"om_disable_all_campaigns":false,"_monsterinsights_skip_tracking":false,"_monsterinsights_sitenote_active":false,"_monsterinsights_sitenote_note":"","_monsterinsights_sitenote_category":0,"footnotes":""},"categories":[175],"tags":[195,223],"class_list":["post-38853","post","type-post","status-publish","format-standard","has-post-thumbnail","hentry","category-local","tag-principal","tag-puebla"],"amp_enabled":true,"_links":{"self":[{"href":"https:\/\/lahora.mx\/index.php\/wp-json\/wp\/v2\/posts\/38853","targetHints":{"allow":["GET"]}}],"collection":[{"href":"https:\/\/lahora.mx\/index.php\/wp-json\/wp\/v2\/posts"}],"about":[{"href":"https:\/\/lahora.mx\/index.php\/wp-json\/wp\/v2\/types\/post"}],"author":[{"embeddable":true,"href":"https:\/\/lahora.mx\/index.php\/wp-json\/wp\/v2\/users\/4"}],"replies":[{"embeddable":true,"href":"https:\/\/lahora.mx\/index.php\/wp-json\/wp\/v2\/comments?post=38853"}],"version-history":[{"count":1,"href":"https:\/\/lahora.mx\/index.php\/wp-json\/wp\/v2\/posts\/38853\/revisions"}],"predecessor-version":[{"id":38855,"href":"https:\/\/lahora.mx\/index.php\/wp-json\/wp\/v2\/posts\/38853\/revisions\/38855"}],"wp:featuredmedia":[{"embeddable":true,"href":"https:\/\/lahora.mx\/index.php\/wp-json\/wp\/v2\/media\/38854"}],"wp:attachment":[{"href":"https:\/\/lahora.mx\/index.php\/wp-json\/wp\/v2\/media?parent=38853"}],"wp:term":[{"taxonomy":"category","embeddable":true,"href":"https:\/\/lahora.mx\/index.php\/wp-json\/wp\/v2\/categories?post=38853"},{"taxonomy":"post_tag","embeddable":true,"href":"https:\/\/lahora.mx\/index.php\/wp-json\/wp\/v2\/tags?post=38853"}],"curies":[{"name":"wp","href":"https:\/\/api.w.org\/{rel}","templated":true}]}}