{"id":38842,"date":"2023-12-21T01:58:34","date_gmt":"2023-12-21T01:58:34","guid":{"rendered":"http:\/\/lahora.mx\/?p=38842"},"modified":"2023-12-21T01:58:34","modified_gmt":"2023-12-21T01:58:34","slug":"defender-el-legado-humanista-de-amlo-es-un-compromiso-reitera-armenta","status":"publish","type":"post","link":"https:\/\/lahora.mx\/index.php\/2023\/12\/21\/defender-el-legado-humanista-de-amlo-es-un-compromiso-reitera-armenta\/","title":{"rendered":"Defender el legado humanista de AMLO, es un compromiso reitera Armenta"},"content":{"rendered":"\n<p>\u201cCuando el trabajo se hace con amor, con pasi\u00f3n, como el que siento por Puebla, no cansa, eso no significa que dejemos de lado la oportunidad del descanso f\u00edsico, que tambi\u00e9n es necesario, pero sin desatender nuestras responsabilidades primordiales\u201d asegur\u00f3 el coordinador estatal de la Defensa de la 4T, Alejandro Armenta, al reafirmar el compromiso que tiene con el presidente Andr\u00e9s Manuel L\u00f3pez Obrador \u201cde replicar su legado, el Humanismo Mexicano que ha transformado a nuestra naci\u00f3n y esa tarea la hacemos de la mano de nuestra precandidata presidencial, la Doctora Claudia Sheinbaum\u201d.<\/p>\n\n\n\n<p>Y un paso fundamental para avanzar en ese prop\u00f3sito, se\u00f1al\u00f3 Alejandro Armenta en un encuentro con directores y columnistas de medios poblanos de comunicaci\u00f3n, \u201ces el contacto permanente con la poblaci\u00f3n, yo lo he tenido desde hace muchos a\u00f1os, m\u00e1s de 34, por eso tengo claro c\u00f3mo nos percibe el ciudadano, es un aspecto tambi\u00e9n esencial en la construcci\u00f3n tanto interna, como externa, de la unidad que hoy reflejamos en la mega coalici\u00f3n de Morena con PT, Partido Verde, Nueva Alianza Puebla y Fuerza por M\u00e9xico\u201d.<\/p>\n\n\n\n<p>\u00abS\u00e9 que nos une el amor a Puebla, a M\u00e9xico y la determinaci\u00f3n de defender el proyecto humanista de Naci\u00f3n del presidente L\u00f3pez Obrador que hoy enarbola la Doctora Claudia Sheinbaum\u201d refrend\u00f3 Armenta.<\/p>\n","protected":false},"excerpt":{"rendered":"<p>\u201cCuando el trabajo se hace con amor, con pasi\u00f3n, como el que siento por Puebla, no cansa, eso no significa que dejemos de lado la oportunidad del descanso f\u00edsico, que tambi\u00e9n es necesario, pero sin desatender nuestras responsabilidades primordiales\u201d asegur\u00f3 el coordinador estatal de la Defensa de la 4T, Alejandro Armenta, al reafirmar el compromiso [&hellip;]<\/p>\n","protected":false},"author":4,"featured_media":38843,"comment_status":"open","ping_status":"open","sticky":false,"template":"","format":"standard","meta":{"om_disable_all_campaigns":false,"_monsterinsights_skip_tracking":false,"_monsterinsights_sitenote_active":false,"_monsterinsights_sitenote_note":"","_monsterinsights_sitenote_category":0,"footnotes":""},"categories":[175],"tags":[128,223],"class_list":["post-38842","post","type-post","status-publish","format-standard","has-post-thumbnail","hentry","category-local","tag-politics","tag-puebla"],"amp_enabled":true,"_links":{"self":[{"href":"https:\/\/lahora.mx\/index.php\/wp-json\/wp\/v2\/posts\/38842","targetHints":{"allow":["GET"]}}],"collection":[{"href":"https:\/\/lahora.mx\/index.php\/wp-json\/wp\/v2\/posts"}],"about":[{"href":"https:\/\/lahora.mx\/index.php\/wp-json\/wp\/v2\/types\/post"}],"author":[{"embeddable":true,"href":"https:\/\/lahora.mx\/index.php\/wp-json\/wp\/v2\/users\/4"}],"replies":[{"embeddable":true,"href":"https:\/\/lahora.mx\/index.php\/wp-json\/wp\/v2\/comments?post=38842"}],"version-history":[{"count":1,"href":"https:\/\/lahora.mx\/index.php\/wp-json\/wp\/v2\/posts\/38842\/revisions"}],"predecessor-version":[{"id":38844,"href":"https:\/\/lahora.mx\/index.php\/wp-json\/wp\/v2\/posts\/38842\/revisions\/38844"}],"wp:featuredmedia":[{"embeddable":true,"href":"https:\/\/lahora.mx\/index.php\/wp-json\/wp\/v2\/media\/38843"}],"wp:attachment":[{"href":"https:\/\/lahora.mx\/index.php\/wp-json\/wp\/v2\/media?parent=38842"}],"wp:term":[{"taxonomy":"category","embeddable":true,"href":"https:\/\/lahora.mx\/index.php\/wp-json\/wp\/v2\/categories?post=38842"},{"taxonomy":"post_tag","embeddable":true,"href":"https:\/\/lahora.mx\/index.php\/wp-json\/wp\/v2\/tags?post=38842"}],"curies":[{"name":"wp","href":"https:\/\/api.w.org\/{rel}","templated":true}]}}