{"id":38835,"date":"2023-12-21T00:05:16","date_gmt":"2023-12-21T00:05:16","guid":{"rendered":"http:\/\/lahora.mx\/?p=38835"},"modified":"2023-12-21T00:05:17","modified_gmt":"2023-12-21T00:05:17","slug":"indispensable-reavivar-servicio-a-la-humanidad-menciona-la-gobernadora-lorena-cuellar","status":"publish","type":"post","link":"https:\/\/lahora.mx\/index.php\/2023\/12\/21\/indispensable-reavivar-servicio-a-la-humanidad-menciona-la-gobernadora-lorena-cuellar\/","title":{"rendered":"\u201cIndispensable reavivar servicio a la humanidad\u201d, menciona la gobernadora Lorena Cu\u00e9llar"},"content":{"rendered":"\n<p>Para la gobernadora Lorena Cu\u00e9llar Cisneros es de suma importancia el servicio a la humanidad, y que sea un valor que se fortalezca entre todas las personas principalmente en \u00e9pocas decembrinas.<\/p>\n\n\n\n<p>Fiel a su ideolog\u00eda de vida y a lo plasmado en el Plan Estatal de Desarrollo 2021-2027 de velar por las personas m\u00e1s vulnerables, en su mensaje con motivo de la Navidad Cu\u00e9llar Cisneros inst\u00f3 al pueblo a ser solidarios.<\/p>\n\n\n\n<p>Al emitir un c\u00e1lido mensaje, la mandataria estatal expres\u00f3 que estas son fechas que deben recordar a todas las personas la importancia de compartir y de crear lazos de fraternidad que reaviven el prop\u00f3sito de vida: apoyar a los m\u00e1s desprotegidos.<\/p>\n\n\n\n<p>Eso es, sin duda, la verdadera esencia de la Navidad\u2026 y la Navidad es un momento de magia, ilusi\u00f3n y oportunidad de estar en familia<br>, expres\u00f3 en el mensaje dirigido a los tlaxcaltecas.<\/p>\n\n\n\n<p>Asever\u00f3 tambi\u00e9n que la magia de esta temporada (navide\u00f1a) reside en mostrar el lado m\u00e1s sensible y solidario, exaltando los sentimientos de esperanza que recuerdan la importancia de que prevalezca la paz en todos los sentidos, y que las personas se mantengan en armon\u00eda con todo lo que les rodea.<\/p>\n\n\n\n<p>Y agreg\u00f3 que, con ello, al mismo tiempo se reaviva entre la poblaci\u00f3n la conciencia de unidad y justicia social, a trav\u00e9s del noble ejercicio de la bondad como una pr\u00e1ctica de vida, tal como ella lo ha comentado, incluso antes de ser a jefa del Ejecutivo local.<\/p>\n\n\n\n<p>De forma remota, Cu\u00e9llar Cisneros anhel\u00f3 que el pueblo tlaxcalteca contin\u00fae en el camino de cultivar el gozo para compartir momentos felices y de generosidad con los dem\u00e1s, y que en Tlaxcala sea el amor lo que prevalezca por encima de todo.<\/p>\n\n\n\n<p>\u201cDeseo que pasen unas felices fiestas en compa\u00f1\u00eda de sus seres queridos, que reine la paz, la salud, la sabidur\u00eda y prosperidad en todas las familias tlaxcaltecas. Feliz Navidad\u201d, proclam\u00f3.<\/p>\n\n\n\n<p>La mandataria expres\u00f3 que estas son fechas que deben recordar a todas las personas la importancia de compartir y de crear lazos de fraternidad que reaviven el prop\u00f3sito de vida: apoyar a los m\u00e1s desprotegidos.<\/p>\n","protected":false},"excerpt":{"rendered":"<p>Para la gobernadora Lorena Cu\u00e9llar Cisneros es de suma importancia el servicio a la humanidad, y que sea un valor que se fortalezca entre todas las personas principalmente en \u00e9pocas decembrinas. Fiel a su ideolog\u00eda de vida y a lo plasmado en el Plan Estatal de Desarrollo 2021-2027 de velar por las personas m\u00e1s vulnerables, [&hellip;]<\/p>\n","protected":false},"author":4,"featured_media":38836,"comment_status":"open","ping_status":"open","sticky":false,"template":"","format":"standard","meta":{"om_disable_all_campaigns":false,"_monsterinsights_skip_tracking":false,"_monsterinsights_sitenote_active":false,"_monsterinsights_sitenote_note":"","_monsterinsights_sitenote_category":0,"footnotes":""},"categories":[175],"tags":[223,210],"class_list":["post-38835","post","type-post","status-publish","format-standard","has-post-thumbnail","hentry","category-local","tag-puebla","tag-tlaxcala"],"amp_enabled":true,"_links":{"self":[{"href":"https:\/\/lahora.mx\/index.php\/wp-json\/wp\/v2\/posts\/38835","targetHints":{"allow":["GET"]}}],"collection":[{"href":"https:\/\/lahora.mx\/index.php\/wp-json\/wp\/v2\/posts"}],"about":[{"href":"https:\/\/lahora.mx\/index.php\/wp-json\/wp\/v2\/types\/post"}],"author":[{"embeddable":true,"href":"https:\/\/lahora.mx\/index.php\/wp-json\/wp\/v2\/users\/4"}],"replies":[{"embeddable":true,"href":"https:\/\/lahora.mx\/index.php\/wp-json\/wp\/v2\/comments?post=38835"}],"version-history":[{"count":1,"href":"https:\/\/lahora.mx\/index.php\/wp-json\/wp\/v2\/posts\/38835\/revisions"}],"predecessor-version":[{"id":38837,"href":"https:\/\/lahora.mx\/index.php\/wp-json\/wp\/v2\/posts\/38835\/revisions\/38837"}],"wp:featuredmedia":[{"embeddable":true,"href":"https:\/\/lahora.mx\/index.php\/wp-json\/wp\/v2\/media\/38836"}],"wp:attachment":[{"href":"https:\/\/lahora.mx\/index.php\/wp-json\/wp\/v2\/media?parent=38835"}],"wp:term":[{"taxonomy":"category","embeddable":true,"href":"https:\/\/lahora.mx\/index.php\/wp-json\/wp\/v2\/categories?post=38835"},{"taxonomy":"post_tag","embeddable":true,"href":"https:\/\/lahora.mx\/index.php\/wp-json\/wp\/v2\/tags?post=38835"}],"curies":[{"name":"wp","href":"https:\/\/api.w.org\/{rel}","templated":true}]}}