{"id":38796,"date":"2023-12-20T16:19:42","date_gmt":"2023-12-20T16:19:42","guid":{"rendered":"http:\/\/lahora.mx\/?p=38796"},"modified":"2023-12-20T16:19:42","modified_gmt":"2023-12-20T16:19:42","slug":"rodrigo-abdala-dio-inicio-a-los-dialogos-por-la-ciudad-de-la-esperanza","status":"publish","type":"post","link":"https:\/\/lahora.mx\/index.php\/2023\/12\/20\/rodrigo-abdala-dio-inicio-a-los-dialogos-por-la-ciudad-de-la-esperanza\/","title":{"rendered":"Rodrigo Abdala dio inicio a los \u201cDi\u00e1logos por la Ciudad de la Esperanza\u201d"},"content":{"rendered":"\n<p>El aspirante a la presidencia municipal de Puebla por Morena, Rodrigo Abdala Dartigues, dio inicio el pasado fin de semana a un ejercicio de comunicaci\u00f3n abierta a trav\u00e9s de redes sociales, el cual nombr\u00f3 \u201cDi\u00e1logos por la Ciudad de la Esperanza.\u201d<\/p>\n\n\n\n<p>Abadala Dartigues explic\u00f3 que este ejercicio \u201ces un di\u00e1logo directo con los seguidores de mis redes sociales y la militancia de Morena donde platicamos sobre las oportunidades y anhelos compartidos sobre nuestra Puebla capital\u201d.<\/p>\n\n\n\n<p>\u201cSoy el primer convencido que una sociedad bien informada de sus derechos, que ejerce su libertad de expresi\u00f3n y participa en las decisiones de su comunidad, es capaz de transformar su realidad\u201d asegur\u00f3 Rodrigo Abdala, y continu\u00f3 detallando que \u201cestos di\u00e1logos permiten que la gente exprese sus inquietudes, describa sus necesidades y, sobre todo, vean las oportunidades que tiene nuestro municipio\u201d.<\/p>\n\n\n\n<p>Al ser cuestionado por cu\u00e1l es el diagn\u00f3stico que tiene sobre la ciudad capital del estado, Rodrigo Abdala coment\u00f3 que \u201cexisten muchas oportunidades m\u00e1s que necesidades, porque la gente tiene la esperanza en recuperar la bondad de su ciudad, abrir nuevos espacios de participaci\u00f3n por parte de las y los j\u00f3venes quienes apalanquen el desarrollo econ\u00f3mico con justicia social\u201d subray\u00f3.<\/p>\n\n\n\n<p>\u201cEspero la participaci\u00f3n de todas y todos a trav\u00e9s de las redes sociales para que nuestro anhelo y ambici\u00f3n por transformar la realidad, nos permita recuperar esta Ciudad de la Esperanza\u201d, concluy\u00f3 Rodrigo Abdala.<\/p>\n","protected":false},"excerpt":{"rendered":"<p>El aspirante a la presidencia municipal de Puebla por Morena, Rodrigo Abdala Dartigues, dio inicio el pasado fin de semana a un ejercicio de comunicaci\u00f3n abierta a trav\u00e9s de redes sociales, el cual nombr\u00f3 \u201cDi\u00e1logos por la Ciudad de la Esperanza.\u201d Abadala Dartigues explic\u00f3 que este ejercicio \u201ces un di\u00e1logo directo con los seguidores de [&hellip;]<\/p>\n","protected":false},"author":4,"featured_media":38797,"comment_status":"open","ping_status":"open","sticky":false,"template":"","format":"standard","meta":{"om_disable_all_campaigns":false,"_monsterinsights_skip_tracking":false,"_monsterinsights_sitenote_active":false,"_monsterinsights_sitenote_note":"","_monsterinsights_sitenote_category":0,"footnotes":""},"categories":[176],"tags":[223],"class_list":["post-38796","post","type-post","status-publish","format-standard","has-post-thumbnail","hentry","category-nacional","tag-puebla"],"amp_enabled":true,"_links":{"self":[{"href":"https:\/\/lahora.mx\/index.php\/wp-json\/wp\/v2\/posts\/38796","targetHints":{"allow":["GET"]}}],"collection":[{"href":"https:\/\/lahora.mx\/index.php\/wp-json\/wp\/v2\/posts"}],"about":[{"href":"https:\/\/lahora.mx\/index.php\/wp-json\/wp\/v2\/types\/post"}],"author":[{"embeddable":true,"href":"https:\/\/lahora.mx\/index.php\/wp-json\/wp\/v2\/users\/4"}],"replies":[{"embeddable":true,"href":"https:\/\/lahora.mx\/index.php\/wp-json\/wp\/v2\/comments?post=38796"}],"version-history":[{"count":1,"href":"https:\/\/lahora.mx\/index.php\/wp-json\/wp\/v2\/posts\/38796\/revisions"}],"predecessor-version":[{"id":38798,"href":"https:\/\/lahora.mx\/index.php\/wp-json\/wp\/v2\/posts\/38796\/revisions\/38798"}],"wp:featuredmedia":[{"embeddable":true,"href":"https:\/\/lahora.mx\/index.php\/wp-json\/wp\/v2\/media\/38797"}],"wp:attachment":[{"href":"https:\/\/lahora.mx\/index.php\/wp-json\/wp\/v2\/media?parent=38796"}],"wp:term":[{"taxonomy":"category","embeddable":true,"href":"https:\/\/lahora.mx\/index.php\/wp-json\/wp\/v2\/categories?post=38796"},{"taxonomy":"post_tag","embeddable":true,"href":"https:\/\/lahora.mx\/index.php\/wp-json\/wp\/v2\/tags?post=38796"}],"curies":[{"name":"wp","href":"https:\/\/api.w.org\/{rel}","templated":true}]}}