{"id":38769,"date":"2023-12-20T00:02:03","date_gmt":"2023-12-20T00:02:03","guid":{"rendered":"http:\/\/lahora.mx\/?p=38769"},"modified":"2023-12-20T00:02:04","modified_gmt":"2023-12-20T00:02:04","slug":"morena-dara-a-conocer-los-resultados-de-las-encuestas-de-precandidatos-poblanos-del-4-al-22-de-enero","status":"publish","type":"post","link":"https:\/\/lahora.mx\/index.php\/2023\/12\/20\/morena-dara-a-conocer-los-resultados-de-las-encuestas-de-precandidatos-poblanos-del-4-al-22-de-enero\/","title":{"rendered":"Morena dar\u00e1 a conocer los resultados de las encuestas de precandidatos poblanos del 4 al 22 de enero"},"content":{"rendered":"\n<p>Para evitar los rumores y garantizar la transparencia en el proceso, el Comit\u00e9 Ejecutivo Nacional (CEN) de Morena, ajust\u00f3 las fechas para dar a conocer los resultados de las encuestas rumbo a definir a los precandidatos para las diputaciones federales, locales y las presidencias municipales, inform\u00f3 en conferencia de prensa virtual el l\u00edder partidista, Mario Delgado Carillo. En el caso de Puebla, los datos de los estudios demosc\u00f3picos ser\u00e1n publicados ser\u00e1 del 4 al 22 de enero.<\/p>\n\n\n\n<p>Seg\u00fan lo expuesto por Mario Delgado, diariamente recibe una gran cantidad de mensajes por parte de los militantes y simpatizantes que acusan \u201cya le dieron el visto bueno a cierto perfil\u201d.<\/p>\n\n\n\n<p>Por lo anterior, se determin\u00f3 el calendario expuesto con las fechas para publicar los resultados de las encuestas.<\/p>\n\n\n\n<p>El reto para la elecci\u00f3n de 2024 ser\u00e1 recuperar la zona metropolitana: Armenta<br>La Comisi\u00f3n Nacional de Elecciones anunciar\u00e1 el 4 de enero los resultados de los estudios en Puebla para las diputaciones federales, el 15 para las presidencias municipales y el 22 del mismo mes para las candidaturas a diputados locales.<\/p>\n\n\n\n<p>Al mismo, el dirigente nacional aclar\u00f3 que estas fechas tambi\u00e9n podr\u00edan sufrir modificaciones, aunque depender\u00e1 del ritmo con el que se realice el levantamiento de los estudios que se lleva a cabo, previo a definir a los virtuales abanderados para los cargos locales y federales de las 32 entidades del pa\u00eds.<\/p>\n\n\n\n<p>\u201cEsto es con el objetivo de parar las tensiones, de parar las noticias falsas, de parar la rumorolog\u00eda y los chismes, as\u00ed es como vamos a dar a conocer los resultados. Puede varias, podemos tardarnos un poco m\u00e1s en algunos casos, pero lo iremos avisando\u201d, dijo.<\/p>\n\n\n\n<p>Para ordenar el proceso se dividieron las entidades y Puebla fue incluido en el bloque con Jalisco, Michoac\u00e1n, Nayarit, Oaxaca, Quintana Roo, Tamaulipas, Tlaxcala, Veracruz y Yucat\u00e1n, indic\u00f3.<\/p>\n\n\n\n<p>Delgado Carillo inform\u00f3 que ma\u00f1ana comenzar\u00e1n a informar los resultados de las encuestas para la definici\u00f3n de f\u00f3rmulas de candidatos al Senado de la Rep\u00fablica, aunque no indic\u00f3 que estados formar\u00e1n parte del primer bloque de candidaturas definidas. El resto ser\u00e1n publicados la primera semana de enero.<\/p>\n\n\n\n<p>Al brindar un balance sobre el a\u00f1o, celebr\u00f3 la serie de logros para el partido como la victoria en el Estado de M\u00e9xico, la consolidaci\u00f3n del padr\u00f3n de 2.3 millones de militantes y la elecci\u00f3n de los Coordinaciones Estatales de Defensa de la 4T en los estados donde se renovar\u00e1 la gubernatura, incluida la de Puebla.<\/p>\n\n\n\n<p>\u201cTerminamos el 2023 sin ruptura en la designaci\u00f3n de estas coordinaciones, lo cual nos da una gran fortaleza y nos pone como objetivo inmediato ganar las ocho gubernaturas, la Jefatura de Gobierno y la presidencia\u201d, dijo.<\/p>\n\n\n\n<p>Respecto a los retos del 2024, enlist\u00f3 que se encuentra ganar las gubernaturas y la Jefatura de Gobierno de Gobierno de la Ciudad de M\u00e9xico (CDMX), aunque la principal meta es la presidencia del pa\u00eds para darle continuidad a la 4T.<\/p>\n\n\n\n<p>Tambi\u00e9n lograr la mayor\u00eda en el Congreso de la Uni\u00f3n y los Congresos local que se renovar\u00e1n, con el fin de concretar las modificaciones al Poder Judicial.<\/p>\n","protected":false},"excerpt":{"rendered":"<p>Para evitar los rumores y garantizar la transparencia en el proceso, el Comit\u00e9 Ejecutivo Nacional (CEN) de Morena, ajust\u00f3 las fechas para dar a conocer los resultados de las encuestas rumbo a definir a los precandidatos para las diputaciones federales, locales y las presidencias municipales, inform\u00f3 en conferencia de prensa virtual el l\u00edder partidista, Mario [&hellip;]<\/p>\n","protected":false},"author":4,"featured_media":38770,"comment_status":"open","ping_status":"open","sticky":false,"template":"","format":"standard","meta":{"om_disable_all_campaigns":false,"_monsterinsights_skip_tracking":false,"_monsterinsights_sitenote_active":false,"_monsterinsights_sitenote_note":"","_monsterinsights_sitenote_category":0,"footnotes":""},"categories":[176,5],"tags":[128,223],"class_list":["post-38769","post","type-post","status-publish","format-standard","has-post-thumbnail","hentry","category-nacional","category-politica","tag-politics","tag-puebla"],"amp_enabled":true,"_links":{"self":[{"href":"https:\/\/lahora.mx\/index.php\/wp-json\/wp\/v2\/posts\/38769","targetHints":{"allow":["GET"]}}],"collection":[{"href":"https:\/\/lahora.mx\/index.php\/wp-json\/wp\/v2\/posts"}],"about":[{"href":"https:\/\/lahora.mx\/index.php\/wp-json\/wp\/v2\/types\/post"}],"author":[{"embeddable":true,"href":"https:\/\/lahora.mx\/index.php\/wp-json\/wp\/v2\/users\/4"}],"replies":[{"embeddable":true,"href":"https:\/\/lahora.mx\/index.php\/wp-json\/wp\/v2\/comments?post=38769"}],"version-history":[{"count":1,"href":"https:\/\/lahora.mx\/index.php\/wp-json\/wp\/v2\/posts\/38769\/revisions"}],"predecessor-version":[{"id":38771,"href":"https:\/\/lahora.mx\/index.php\/wp-json\/wp\/v2\/posts\/38769\/revisions\/38771"}],"wp:featuredmedia":[{"embeddable":true,"href":"https:\/\/lahora.mx\/index.php\/wp-json\/wp\/v2\/media\/38770"}],"wp:attachment":[{"href":"https:\/\/lahora.mx\/index.php\/wp-json\/wp\/v2\/media?parent=38769"}],"wp:term":[{"taxonomy":"category","embeddable":true,"href":"https:\/\/lahora.mx\/index.php\/wp-json\/wp\/v2\/categories?post=38769"},{"taxonomy":"post_tag","embeddable":true,"href":"https:\/\/lahora.mx\/index.php\/wp-json\/wp\/v2\/tags?post=38769"}],"curies":[{"name":"wp","href":"https:\/\/api.w.org\/{rel}","templated":true}]}}