{"id":38729,"date":"2023-12-19T00:27:52","date_gmt":"2023-12-19T00:27:52","guid":{"rendered":"http:\/\/lahora.mx\/?p=38729"},"modified":"2023-12-19T00:27:53","modified_gmt":"2023-12-19T00:27:53","slug":"lopez-obrador-acatara-sancion-del-ine-por-discurso-pero-apelara","status":"publish","type":"post","link":"https:\/\/lahora.mx\/index.php\/2023\/12\/19\/lopez-obrador-acatara-sancion-del-ine-por-discurso-pero-apelara\/","title":{"rendered":"L\u00f3pez Obrador acatar\u00e1 sanci\u00f3n del INE por discurso, pero apelar\u00e1"},"content":{"rendered":"\n<p>El presidente Andr\u00e9s Manuel L\u00f3pez Obrador anunci\u00f3 que apelar\u00e1 la resoluci\u00f3n de la Comisi\u00f3n de Quejas y Denuncias del INE en la que se le orden\u00f3 bajar un discurso del pasado 10 de diciembre de este a\u00f1o porque a juicio de la autoridad electoral llam\u00f3 a votar por Morena en las pr\u00f3ximas elecciones.<\/p>\n\n\n\n<p>De acuerdo con L\u00f3pez Obrador, la Comisi\u00f3n de Quejas y Denuncias del INE est\u00e1 equivocada en su resoluci\u00f3n porque nunca mencion\u00f3 el nombre de Morena en su intervenci\u00f3n durante una supervisi\u00f3n de programas del Bienestar en Almoloya de Ju\u00e1rez, en el Estado de M\u00e9xico.<\/p>\n\n\n\n<p>Sin embargo, el mandatario federal se\u00f1al\u00f3 que cumplir\u00e1 con la medida precautoria dictada en su contra en tanto se resuelve de manera definitiva el asunto.<\/p>\n\n\n\n<p>\u00abVamos a cumplir, eh. Me est\u00e1n pidiendo que yo quite un discurso que di en Almoloya de Ju\u00e1rez hace como una semana porque habl\u00e9 de que hab\u00eda que votar no solo por el candidato o candidata a la Presidencia sino tambi\u00e9n por los legisladores porque es importante tener mayor\u00eda en el Congreso, que si el presidente llegaba sin mayor\u00eda en el Congreso y sin mayor\u00eda calificada no se podr\u00edan llevar a cabo las reformas constitucionales. Dije eso y ya me sancionaron, \u00bfque por qu\u00e9 llam\u00e9 a votar por Morena? , cuando no es cierto\u00bb apunt\u00f3 L\u00f3pez Obrador.<\/p>\n\n\n\n<p>L\u00f3pez Obrador y la sanci\u00f3n por presunta violencia de g\u00e9nero<\/p>\n\n\n\n<p>El presidente evalu\u00f3 la sanci\u00f3n a la que se le impuso meses atr\u00e1s por presunta violencia de g\u00e9nero en agravio de X\u00f3chitl G\u00e1lvez; caso en el que d\u00edas m\u00e1s tarde se comprob\u00f3 que fueron alteradas sus palabras y como les dio verg\u00fcenza \u00abquitaron al que hizo la manipulaci\u00f3n\u00bb.<\/p>\n\n\n\n<p>\u00abEs mentira, yo no habl\u00e9 a favor de que votaran por un candidato o por un partido. No se de d\u00f3nde lo sacaron. De todas maneras ya voy a quitar de mis redes ese discurso, voy a cumplir. No quiero dar ning\u00fan pretexto, nada, pero quiero que revisen si dije lo que ellos sostienen como una infracci\u00f3n.\u00bb destac\u00f3 el mandatario.<\/p>\n\n\n\n<p>El pasado domingo 10 de diciembre el presidente visit\u00f3 Almoloya de Ju\u00e1rez, en el Estado de M\u00e9xico para hacer un balance de los programas sociales del Bienestar.<\/p>\n\n\n\n<p>En esa ocasi\u00f3n, L\u00f3pez Obrador abund\u00f3 sobre la importancia de que cualquier movimiento social y pol\u00edtico tenga mayor\u00eda en el Congreso para poder realizar las transformaciones que enarbole el movimiento que se trate.<\/p>\n\n\n\n<p>\u00abEs importante que se tome en cuenta que no s\u00f3lo es ganar la Presidencia, se tiene tambi\u00e9n que ganar la mayor\u00eda en el Congreso porque, miren, si yo gano la Presidencia, como ganamos, pero no hubi\u00e9semos ganado la mayor\u00eda en el Congreso, nos hubiese costado m\u00e1s trabajo ayudar a la gente, porque si no se tiene mayor\u00eda en el Congreso no se puede contar con presupuesto integrado, porque la C\u00e1mara de Diputados, por ley, es la que tiene la facultad exclusiva de aprobar el presupuesto\u201d, sostuvo.<\/p>\n","protected":false},"excerpt":{"rendered":"<p>El presidente Andr\u00e9s Manuel L\u00f3pez Obrador anunci\u00f3 que apelar\u00e1 la resoluci\u00f3n de la Comisi\u00f3n de Quejas y Denuncias del INE en la que se le orden\u00f3 bajar un discurso del pasado 10 de diciembre de este a\u00f1o porque a juicio de la autoridad electoral llam\u00f3 a votar por Morena en las pr\u00f3ximas elecciones. De acuerdo [&hellip;]<\/p>\n","protected":false},"author":4,"featured_media":38730,"comment_status":"open","ping_status":"open","sticky":false,"template":"","format":"standard","meta":{"om_disable_all_campaigns":false,"_monsterinsights_skip_tracking":false,"_monsterinsights_sitenote_active":false,"_monsterinsights_sitenote_note":"","_monsterinsights_sitenote_category":0,"footnotes":""},"categories":[176],"tags":[],"class_list":["post-38729","post","type-post","status-publish","format-standard","has-post-thumbnail","hentry","category-nacional"],"amp_enabled":true,"_links":{"self":[{"href":"https:\/\/lahora.mx\/index.php\/wp-json\/wp\/v2\/posts\/38729","targetHints":{"allow":["GET"]}}],"collection":[{"href":"https:\/\/lahora.mx\/index.php\/wp-json\/wp\/v2\/posts"}],"about":[{"href":"https:\/\/lahora.mx\/index.php\/wp-json\/wp\/v2\/types\/post"}],"author":[{"embeddable":true,"href":"https:\/\/lahora.mx\/index.php\/wp-json\/wp\/v2\/users\/4"}],"replies":[{"embeddable":true,"href":"https:\/\/lahora.mx\/index.php\/wp-json\/wp\/v2\/comments?post=38729"}],"version-history":[{"count":1,"href":"https:\/\/lahora.mx\/index.php\/wp-json\/wp\/v2\/posts\/38729\/revisions"}],"predecessor-version":[{"id":38731,"href":"https:\/\/lahora.mx\/index.php\/wp-json\/wp\/v2\/posts\/38729\/revisions\/38731"}],"wp:featuredmedia":[{"embeddable":true,"href":"https:\/\/lahora.mx\/index.php\/wp-json\/wp\/v2\/media\/38730"}],"wp:attachment":[{"href":"https:\/\/lahora.mx\/index.php\/wp-json\/wp\/v2\/media?parent=38729"}],"wp:term":[{"taxonomy":"category","embeddable":true,"href":"https:\/\/lahora.mx\/index.php\/wp-json\/wp\/v2\/categories?post=38729"},{"taxonomy":"post_tag","embeddable":true,"href":"https:\/\/lahora.mx\/index.php\/wp-json\/wp\/v2\/tags?post=38729"}],"curies":[{"name":"wp","href":"https:\/\/api.w.org\/{rel}","templated":true}]}}