{"id":38711,"date":"2023-12-18T21:19:29","date_gmt":"2023-12-18T21:19:29","guid":{"rendered":"http:\/\/lahora.mx\/?p=38711"},"modified":"2023-12-18T21:19:30","modified_gmt":"2023-12-18T21:19:30","slug":"masacre-de-guanajuato-12-jovenes-asesinados-por-un-comando-armado-durante-una-posada-en-salvatierra","status":"publish","type":"post","link":"https:\/\/lahora.mx\/index.php\/2023\/12\/18\/masacre-de-guanajuato-12-jovenes-asesinados-por-un-comando-armado-durante-una-posada-en-salvatierra\/","title":{"rendered":"masacre de Guanajuato: 12 j\u00f3venes asesinados por un comando armado durante una posada en Salvatierra"},"content":{"rendered":"\n<p>Un grupo de j\u00f3venes celebra una posada navide\u00f1a el fin de semana en la hacienda de San Jos\u00e9 del Carmen, un recinto tur\u00edstico que se utiliza para eventos en Salvatierra. All\u00ed lleg\u00f3 un comando armado alrededor de las dos de la madrugada del domingo y empez\u00f3 a disparar contra los j\u00f3venes que participaban en la fiesta. La Fiscal\u00eda del Estado ha confirmado que al menos 12 han muerto y otros 11 est\u00e1n heridos. Una fotograf\u00eda de los j\u00f3venes sonrientes antes del ataque es la \u00faltima prueba de un pa\u00eds retorcido por la violencia.<\/p>\n\n\n\n<p>Han pasado m\u00e1s de 24 horas y es poco lo que se sabe sobre la masacre. La prensa local ha informado que el grupo criminal que atac\u00f3 a los j\u00f3venes tambi\u00e9n quem\u00f3 al menos cuatro veh\u00edculos \u2014dos autom\u00f3viles y dos motocicletas\u2014 que se encontraban aparcados cerca de la exhacienda. Adem\u00e1s del gran n\u00famero de casquillos que se recogieron en el lugar. Los heridos fueron trasladados a los hospitales de Salvatierra y Celaya.<br><\/p>\n\n\n\n<p>El presidente municipal de Salvatierra, Germ\u00e1n Cervantes, ha lamentado el ataque. \u201cCondeno el lamentable hecho de violencia sucedido en la comunidad de San Jos\u00e9 Del Carmen durante esta ma\u00f1ana. Estamos en completa disposici\u00f3n y coordinaci\u00f3n con la Fiscal\u00eda General de Justicia del Estado para el pronto esclarecimiento y la detenci\u00f3n de los responsables\u201d, ha escrito en sus redes sociales.<\/p>\n\n\n\n<p>Esta matanza llega un par de semanas despu\u00e9s del brutal asesinato de seis j\u00f3venes en Celaya. Ten\u00edan entre 18 y 23 a\u00f1os. Estudiaban medicina. Pablo Fabi\u00e1n Orozco Mateos apenas estaba empezando. Su hermano Jes\u00fas Virgilio se graduaba en enero. Su primo, Pedro Mateos Puente, ya estaba en s\u00e9ptimo semestre. Junto a ellos, sus amigos Bryan Jes\u00fas Amoles Gasca y Jos\u00e9 Eduardo Freire Ortega. Entre las v\u00edctimas se ha identificado tambi\u00e9n a Luis Giovanni Ju\u00e1rez. Cinco de los cuerpo se encontraron con disparos de bala dentro de un coche, en un camino de terracer\u00eda, otro estaba a unos metros entre unos matorrales.<\/p>\n\n\n\n<p>El presidente Andr\u00e9s Manuel L\u00f3pez Obrador dijo entonces lo mismo que ha dicho este lunes sobre los j\u00f3venes de la posada: que detr\u00e1s del ataque est\u00e1 el consumo de drogas. En el caso de los estudiantes de Medicina, la madre de Pablo y Jes\u00fas, Fabiola Mateos, sali\u00f3 d\u00edas despu\u00e9s a pedir al presidente que rectificara. Con los ex\u00e1menes toxicol\u00f3gicos en la mano, Mateos mostr\u00f3 que ninguno de sus hijos o de sus amigos hab\u00eda consumido drogas: \u201cMis hijos jam\u00e1s tuvieron siquiera una remisi\u00f3n a barandilla, la carrera de medicina es muy demandante. Su tiempo se divid\u00eda entre escuela y alguna actividad deportiva, es incre\u00edble la insensibilidad del gobierno para este tipo de actos, lejos de reconocer la incapacidad o la falta de cuidado por parte del \u00e1rea gubernamental, simplemente lanzan acusaciones en contra de las propias v\u00edctimas\u201d.<\/p>\n","protected":false},"excerpt":{"rendered":"<p>Un grupo de j\u00f3venes celebra una posada navide\u00f1a el fin de semana en la hacienda de San Jos\u00e9 del Carmen, un recinto tur\u00edstico que se utiliza para eventos en Salvatierra. All\u00ed lleg\u00f3 un comando armado alrededor de las dos de la madrugada del domingo y empez\u00f3 a disparar contra los j\u00f3venes que participaban en la [&hellip;]<\/p>\n","protected":false},"author":4,"featured_media":38712,"comment_status":"open","ping_status":"open","sticky":false,"template":"","format":"standard","meta":{"om_disable_all_campaigns":false,"_monsterinsights_skip_tracking":false,"_monsterinsights_sitenote_active":false,"_monsterinsights_sitenote_note":"","_monsterinsights_sitenote_category":0,"footnotes":""},"categories":[176],"tags":[],"class_list":["post-38711","post","type-post","status-publish","format-standard","has-post-thumbnail","hentry","category-nacional"],"amp_enabled":true,"_links":{"self":[{"href":"https:\/\/lahora.mx\/index.php\/wp-json\/wp\/v2\/posts\/38711","targetHints":{"allow":["GET"]}}],"collection":[{"href":"https:\/\/lahora.mx\/index.php\/wp-json\/wp\/v2\/posts"}],"about":[{"href":"https:\/\/lahora.mx\/index.php\/wp-json\/wp\/v2\/types\/post"}],"author":[{"embeddable":true,"href":"https:\/\/lahora.mx\/index.php\/wp-json\/wp\/v2\/users\/4"}],"replies":[{"embeddable":true,"href":"https:\/\/lahora.mx\/index.php\/wp-json\/wp\/v2\/comments?post=38711"}],"version-history":[{"count":1,"href":"https:\/\/lahora.mx\/index.php\/wp-json\/wp\/v2\/posts\/38711\/revisions"}],"predecessor-version":[{"id":38713,"href":"https:\/\/lahora.mx\/index.php\/wp-json\/wp\/v2\/posts\/38711\/revisions\/38713"}],"wp:featuredmedia":[{"embeddable":true,"href":"https:\/\/lahora.mx\/index.php\/wp-json\/wp\/v2\/media\/38712"}],"wp:attachment":[{"href":"https:\/\/lahora.mx\/index.php\/wp-json\/wp\/v2\/media?parent=38711"}],"wp:term":[{"taxonomy":"category","embeddable":true,"href":"https:\/\/lahora.mx\/index.php\/wp-json\/wp\/v2\/categories?post=38711"},{"taxonomy":"post_tag","embeddable":true,"href":"https:\/\/lahora.mx\/index.php\/wp-json\/wp\/v2\/tags?post=38711"}],"curies":[{"name":"wp","href":"https:\/\/api.w.org\/{rel}","templated":true}]}}