{"id":38702,"date":"2023-12-18T20:09:00","date_gmt":"2023-12-18T20:09:00","guid":{"rendered":"http:\/\/lahora.mx\/?p=38702"},"modified":"2023-12-18T20:09:00","modified_gmt":"2023-12-18T20:09:00","slug":"nestor-camarillo-desmiente-desbandada-del-pri-aceptando-invitacion-de-morena","status":"publish","type":"post","link":"https:\/\/lahora.mx\/index.php\/2023\/12\/18\/nestor-camarillo-desmiente-desbandada-del-pri-aceptando-invitacion-de-morena\/","title":{"rendered":"N\u00e9stor Camarillo desmiente desbandada del PRI aceptando invitaci\u00f3n de Morena"},"content":{"rendered":"\n<p>El dirigente del Revolucionario Institucional (PRI) en Puebla, N\u00e9stor Camarillo Medina, neg\u00f3 que exista una desbandada de cuadros importantes al interior del partido a consecuencia de acuerdos extraoficiales con Morena.<\/p>\n\n\n\n<p>En entrevista tras acompa\u00f1ar al alcalde Eduardo Rivera P\u00e9rez a un evento en Bosques de San Sebasti\u00e1n, coment\u00f3 que, si bien han existido invitaciones por parte de los partidos de izquierda para algunos priistas, ninguno ha confirmado su salida.<\/p>\n\n\n\n<p>Desminti\u00f3 las versiones period\u00edsticas que apuntan a que perfiles como la secretaria de Educaci\u00f3n, Isabel Merlo Talavera, o el coordinador de la bancada del PRI en el Congreso local, Jorge Estefan Chidiac, ser\u00e1n siglados por Morena, el Partido del Trabajo (PT) o el Verde Ecologista (PVEM) en las pr\u00f3ximas elecciones.<\/p>\n\n\n\n<p>\u00abHasta el d\u00eda de hoy todas las versiones son falsas. He tenido comunicaci\u00f3n permanente con todos los diputados, tambi\u00e9n vi en la columna de e-consulta (\u2026) y es totalmente falso. S\u00ed ha habido invitaciones, s\u00ed los han invitado\u00bb, detall\u00f3 el tambi\u00e9n legislador local.<\/p>\n\n\n\n<p>Sin embargo, Camarillo Medina reconoci\u00f3 que esto no significa que en un futuro pr\u00f3ximo algunos priistas quieran abandonar las filas del partido y buscar alg\u00fan espacio para participar en el 2024 en caso de no verse favorecidos al interior de la coalici\u00f3n PAN-PRI-PRD-PSI.<\/p>\n\n\n\n<p>A\u00f1adi\u00f3 que la coalici\u00f3n \u00abMejor Rumbo para Puebla\u00bb cuenta con el respaldo de militantes y simpatizantes de las cuatro fuerzas pol\u00edticas, as\u00ed como de la ciudadan\u00eda, raz\u00f3n por la que Morena y sus aliados est\u00e1n intentando desfondar al PRI.<\/p>\n\n\n\n<p>Nuevamente, llam\u00f3 a Morena a dejar de buscar candidatos al interior del tricolor y comenzar a impulsar a sus propios cuadros, con los aseguran se mantendr\u00e1n en el poder al estar 30 puntos por arriba de la oposici\u00f3n.<\/p>\n\n\n\n<p>De acuerdo con la columna La Corte de los Milagros, en la lista de los priistas que tienen la intenci\u00f3n de sumarse a la Cuarta Transformaci\u00f3n est\u00e1n la alcaldesa de Xicotepec de Ju\u00e1rez, Guadalupe Vargas Vargas, y el de Zacatl\u00e1n, Jos\u00e9 Luis M\u00e1rquez Mart\u00ednez.<\/p>\n\n\n\n<p>Tambi\u00e9n los diputados locales Juan Enrique Rivera Reyes, Norma Sirley Reyes Cabrera, Jorge Estefan Chidiac y la titular de la Secretar\u00eda de Educaci\u00f3n, Isabel Merlo Talavera.<\/p>\n","protected":false},"excerpt":{"rendered":"<p>El dirigente del Revolucionario Institucional (PRI) en Puebla, N\u00e9stor Camarillo Medina, neg\u00f3 que exista una desbandada de cuadros importantes al interior del partido a consecuencia de acuerdos extraoficiales con Morena. En entrevista tras acompa\u00f1ar al alcalde Eduardo Rivera P\u00e9rez a un evento en Bosques de San Sebasti\u00e1n, coment\u00f3 que, si bien han existido invitaciones por [&hellip;]<\/p>\n","protected":false},"author":4,"featured_media":38703,"comment_status":"open","ping_status":"open","sticky":false,"template":"","format":"standard","meta":{"om_disable_all_campaigns":false,"_monsterinsights_skip_tracking":false,"_monsterinsights_sitenote_active":false,"_monsterinsights_sitenote_note":"","_monsterinsights_sitenote_category":0,"footnotes":""},"categories":[176],"tags":[128],"class_list":["post-38702","post","type-post","status-publish","format-standard","has-post-thumbnail","hentry","category-nacional","tag-politics"],"amp_enabled":true,"_links":{"self":[{"href":"https:\/\/lahora.mx\/index.php\/wp-json\/wp\/v2\/posts\/38702","targetHints":{"allow":["GET"]}}],"collection":[{"href":"https:\/\/lahora.mx\/index.php\/wp-json\/wp\/v2\/posts"}],"about":[{"href":"https:\/\/lahora.mx\/index.php\/wp-json\/wp\/v2\/types\/post"}],"author":[{"embeddable":true,"href":"https:\/\/lahora.mx\/index.php\/wp-json\/wp\/v2\/users\/4"}],"replies":[{"embeddable":true,"href":"https:\/\/lahora.mx\/index.php\/wp-json\/wp\/v2\/comments?post=38702"}],"version-history":[{"count":1,"href":"https:\/\/lahora.mx\/index.php\/wp-json\/wp\/v2\/posts\/38702\/revisions"}],"predecessor-version":[{"id":38704,"href":"https:\/\/lahora.mx\/index.php\/wp-json\/wp\/v2\/posts\/38702\/revisions\/38704"}],"wp:featuredmedia":[{"embeddable":true,"href":"https:\/\/lahora.mx\/index.php\/wp-json\/wp\/v2\/media\/38703"}],"wp:attachment":[{"href":"https:\/\/lahora.mx\/index.php\/wp-json\/wp\/v2\/media?parent=38702"}],"wp:term":[{"taxonomy":"category","embeddable":true,"href":"https:\/\/lahora.mx\/index.php\/wp-json\/wp\/v2\/categories?post=38702"},{"taxonomy":"post_tag","embeddable":true,"href":"https:\/\/lahora.mx\/index.php\/wp-json\/wp\/v2\/tags?post=38702"}],"curies":[{"name":"wp","href":"https:\/\/api.w.org\/{rel}","templated":true}]}}