{"id":38699,"date":"2023-12-18T19:55:03","date_gmt":"2023-12-18T19:55:03","guid":{"rendered":"http:\/\/lahora.mx\/?p=38699"},"modified":"2023-12-18T19:55:03","modified_gmt":"2023-12-18T19:55:03","slug":"imss-exhorta-a-vacunarse-contra-covid-19-e-influenza","status":"publish","type":"post","link":"https:\/\/lahora.mx\/index.php\/2023\/12\/18\/imss-exhorta-a-vacunarse-contra-covid-19-e-influenza\/","title":{"rendered":"IMSS exhorta a vacunarse contra covid-19 e influenza"},"content":{"rendered":"\n<p>La vacunaci\u00f3n simult\u00e1nea contra covid-19 e Influenza es segura y est\u00e1 recomendada por la Organizaci\u00f3n Mundial de la Salud (OMS), se\u00f1al\u00f3 Zo\u00e9 Robledo, director general del Instituto Mexicano del Seguro Social (IMSS).<\/p>\n\n\n\n<p>Por lo anterior, en un mensaje a trav\u00e9s de sus redes sociales, convoc\u00f3 a la poblaci\u00f3n vulnerable a aplicarse ambas vacunas como un m\u00e9todo de prevenci\u00f3n para las enfermedades respiratorias, las cuales, se asocian a las bajas temperaturas que se viven en el pa\u00eds.<\/p>\n\n\n\n<p>Las infecciones respiratorias pueden complicarse en los ni\u00f1os, las personas de la tercera edad o quienes tienen alg\u00fan padecimiento cr\u00f3nico degenerativo\u201d, indic\u00f3.<\/p>\n\n\n\n<p>Reiter\u00f3 que la Campa\u00f1a Nacional de Vacunaci\u00f3n contra influenza estacional y coronavirus para la temporada invernal 2023-2024 est\u00e1 en marcha y concluir\u00e1 hasta el a\u00f1o pr\u00f3ximo.<\/p>\n\n\n\n<p>Robledo Aburto se\u00f1al\u00f3 que los grupos de riesgo que pueden recibir ambos biol\u00f3gicos de manera gratuita son:<\/p>\n\n\n\n<p>Adultos mayores partir de 60 a\u00f1os de edad<br>Personal de salud<br>Embarazadas en cualquier trimestre de gestaci\u00f3n<br>Personas que viven con diabetes, VIH, insuficiencia renal, enfermedades pulmonares, cardiacas o cardiacas cr\u00f3nicas.<br>Cabe se\u00f1alar que a los menores de seis meses de edad a 5 a\u00f1os solo se les aplica la vacuna contra la influenza.<\/p>\n\n\n\n<p>Por tanto, el funcionario se\u00f1al\u00f3 que es importante que los derechohabientes acudan a su unidad de medicina familiar (UMF) para inmunizarse.<\/p>\n","protected":false},"excerpt":{"rendered":"<p>La vacunaci\u00f3n simult\u00e1nea contra covid-19 e Influenza es segura y est\u00e1 recomendada por la Organizaci\u00f3n Mundial de la Salud (OMS), se\u00f1al\u00f3 Zo\u00e9 Robledo, director general del Instituto Mexicano del Seguro Social (IMSS). Por lo anterior, en un mensaje a trav\u00e9s de sus redes sociales, convoc\u00f3 a la poblaci\u00f3n vulnerable a aplicarse ambas vacunas como un [&hellip;]<\/p>\n","protected":false},"author":4,"featured_media":38700,"comment_status":"open","ping_status":"open","sticky":false,"template":"","format":"standard","meta":{"om_disable_all_campaigns":false,"_monsterinsights_skip_tracking":false,"_monsterinsights_sitenote_active":false,"_monsterinsights_sitenote_note":"","_monsterinsights_sitenote_category":0,"footnotes":""},"categories":[176],"tags":[223],"class_list":["post-38699","post","type-post","status-publish","format-standard","has-post-thumbnail","hentry","category-nacional","tag-puebla"],"amp_enabled":true,"_links":{"self":[{"href":"https:\/\/lahora.mx\/index.php\/wp-json\/wp\/v2\/posts\/38699","targetHints":{"allow":["GET"]}}],"collection":[{"href":"https:\/\/lahora.mx\/index.php\/wp-json\/wp\/v2\/posts"}],"about":[{"href":"https:\/\/lahora.mx\/index.php\/wp-json\/wp\/v2\/types\/post"}],"author":[{"embeddable":true,"href":"https:\/\/lahora.mx\/index.php\/wp-json\/wp\/v2\/users\/4"}],"replies":[{"embeddable":true,"href":"https:\/\/lahora.mx\/index.php\/wp-json\/wp\/v2\/comments?post=38699"}],"version-history":[{"count":1,"href":"https:\/\/lahora.mx\/index.php\/wp-json\/wp\/v2\/posts\/38699\/revisions"}],"predecessor-version":[{"id":38701,"href":"https:\/\/lahora.mx\/index.php\/wp-json\/wp\/v2\/posts\/38699\/revisions\/38701"}],"wp:featuredmedia":[{"embeddable":true,"href":"https:\/\/lahora.mx\/index.php\/wp-json\/wp\/v2\/media\/38700"}],"wp:attachment":[{"href":"https:\/\/lahora.mx\/index.php\/wp-json\/wp\/v2\/media?parent=38699"}],"wp:term":[{"taxonomy":"category","embeddable":true,"href":"https:\/\/lahora.mx\/index.php\/wp-json\/wp\/v2\/categories?post=38699"},{"taxonomy":"post_tag","embeddable":true,"href":"https:\/\/lahora.mx\/index.php\/wp-json\/wp\/v2\/tags?post=38699"}],"curies":[{"name":"wp","href":"https:\/\/api.w.org\/{rel}","templated":true}]}}