{"id":38690,"date":"2023-12-18T19:26:39","date_gmt":"2023-12-18T19:26:39","guid":{"rendered":"http:\/\/lahora.mx\/?p=38690"},"modified":"2023-12-18T19:26:39","modified_gmt":"2023-12-18T19:26:39","slug":"guanajuato-requiere-de-un-trato-especial-afirma-amlo-tras-asesinato-de-12-jovenes-en-salvatierra","status":"publish","type":"post","link":"https:\/\/lahora.mx\/index.php\/2023\/12\/18\/guanajuato-requiere-de-un-trato-especial-afirma-amlo-tras-asesinato-de-12-jovenes-en-salvatierra\/","title":{"rendered":"\u201cGuanajuato requiere de un trato especial\u00bb, afirma AMLO tras asesinato de 12 j\u00f3venes en Salvatierra"},"content":{"rendered":"\n<p>Al considerar como atroz el asesinato de 12 j\u00f3venes en Salvatierra, Guanajuato, el presidente Andr\u00e9s Manuel L\u00f3pez Obrador afirm\u00f3 que esa entidad requiere un \u201ctrato especial\u201d, pues no es la primera vez que se presentan hechos de ese tipo e insisti\u00f3 en que debe cambiar el Fiscal Carlos Zamarripa.<\/p>\n\n\n\n<p>\u201cGuanajuato requiere de un trato especial, ya son varios casos as\u00ed, es un problema estructural de fondo, que se dej\u00f3 crecer por distintos factores, es de los estados, no todo el estado, esa franja, con m\u00e1s consumo de droga, eso habr\u00eda que analizarlo y como tambi\u00e9n se cre\u00f3 ese comercio de droga, c\u00f3mo se permiti\u00f3 tanto tiempo la operaci\u00f3n de grupos del crimen organizado, que relaci\u00f3n de las organizaciones criminales, sus v\u00ednculos, los acuerdos y c\u00f3mo evitar que siga corriendo\u201d.<\/p>\n\n\n\n<p>En conferencia de prensa el Mandatario lament\u00f3 el asesinato de los j\u00f3venes que estaban en una posada y envi\u00f3 su p\u00e9same a los familiares de las v\u00edctimas.<\/p>\n\n\n\n<p>\u201cNuestro abrazo sincero a los familiares de los j\u00f3venes que perdieron la vida, es un crimen atroz, estaban en una posada y llegaron a asesinarlos\u201d.<\/p>\n\n\n\n<p>Reiter\u00f3 que su exigencia que se remueva del cargo al Fiscal de Guanajuato, Carlos Zamarripa, quien tiene una \u201cfuerza pol\u00edtica descomunal, es como si \u00e9l fuese gobernador, apoyado de grupos con mucha influencia\u201d.<br>El Presidente dijo que la investigaci\u00f3n la lleva la Fiscal\u00eda de Guanajuato y ya hay algunas hip\u00f3tesis, pero \u201cno podemos adelantar nada\u201d.<\/p>\n\n\n\n<p>\u201cNo hay pedido ayuda, pero es nuestra obligaci\u00f3n ayudar e todo\u201d.<\/p>\n","protected":false},"excerpt":{"rendered":"<p>Al considerar como atroz el asesinato de 12 j\u00f3venes en Salvatierra, Guanajuato, el presidente Andr\u00e9s Manuel L\u00f3pez Obrador afirm\u00f3 que esa entidad requiere un \u201ctrato especial\u201d, pues no es la primera vez que se presentan hechos de ese tipo e insisti\u00f3 en que debe cambiar el Fiscal Carlos Zamarripa. \u201cGuanajuato requiere de un trato especial, [&hellip;]<\/p>\n","protected":false},"author":4,"featured_media":38691,"comment_status":"open","ping_status":"open","sticky":false,"template":"","format":"standard","meta":{"om_disable_all_campaigns":false,"_monsterinsights_skip_tracking":false,"_monsterinsights_sitenote_active":false,"_monsterinsights_sitenote_note":"","_monsterinsights_sitenote_category":0,"footnotes":""},"categories":[176],"tags":[223],"class_list":["post-38690","post","type-post","status-publish","format-standard","has-post-thumbnail","hentry","category-nacional","tag-puebla"],"amp_enabled":true,"_links":{"self":[{"href":"https:\/\/lahora.mx\/index.php\/wp-json\/wp\/v2\/posts\/38690","targetHints":{"allow":["GET"]}}],"collection":[{"href":"https:\/\/lahora.mx\/index.php\/wp-json\/wp\/v2\/posts"}],"about":[{"href":"https:\/\/lahora.mx\/index.php\/wp-json\/wp\/v2\/types\/post"}],"author":[{"embeddable":true,"href":"https:\/\/lahora.mx\/index.php\/wp-json\/wp\/v2\/users\/4"}],"replies":[{"embeddable":true,"href":"https:\/\/lahora.mx\/index.php\/wp-json\/wp\/v2\/comments?post=38690"}],"version-history":[{"count":1,"href":"https:\/\/lahora.mx\/index.php\/wp-json\/wp\/v2\/posts\/38690\/revisions"}],"predecessor-version":[{"id":38692,"href":"https:\/\/lahora.mx\/index.php\/wp-json\/wp\/v2\/posts\/38690\/revisions\/38692"}],"wp:featuredmedia":[{"embeddable":true,"href":"https:\/\/lahora.mx\/index.php\/wp-json\/wp\/v2\/media\/38691"}],"wp:attachment":[{"href":"https:\/\/lahora.mx\/index.php\/wp-json\/wp\/v2\/media?parent=38690"}],"wp:term":[{"taxonomy":"category","embeddable":true,"href":"https:\/\/lahora.mx\/index.php\/wp-json\/wp\/v2\/categories?post=38690"},{"taxonomy":"post_tag","embeddable":true,"href":"https:\/\/lahora.mx\/index.php\/wp-json\/wp\/v2\/tags?post=38690"}],"curies":[{"name":"wp","href":"https:\/\/api.w.org\/{rel}","templated":true}]}}