{"id":38680,"date":"2023-12-18T01:42:44","date_gmt":"2023-12-18T01:42:44","guid":{"rendered":"http:\/\/lahora.mx\/?p=38680"},"modified":"2023-12-18T01:42:45","modified_gmt":"2023-12-18T01:42:45","slug":"gran-expectacion-causa-historico-encierro-de-toros-en-huamantla","status":"publish","type":"post","link":"https:\/\/lahora.mx\/index.php\/2023\/12\/18\/gran-expectacion-causa-historico-encierro-de-toros-en-huamantla\/","title":{"rendered":"Gran expectaci\u00f3n causa hist\u00f3rico Encierro de Toros en Huamantla"},"content":{"rendered":"\n<p>Casi 10 mil personas gozaron de los protagonistas: seis toros de las ganader\u00edas de Tepeyahualco y N\u00fa\u00f1ez del Olmo que recorrieron 650 metros, al igual que 700 corredores quienes con valent\u00eda salieron desde el estacionamiento conocido como Los Morales hasta la Plaza de Toros \u201cLa Taurina\u201d.<\/p>\n\n\n\n<p>El evento taurino atrajo a corredores de diversos puntos del pa\u00eds, as\u00ed como familias de Huamantla y municipios colindantes que vieron el encierro desde las gradas instaladas en la Calle Zaragoza y Ju\u00e1rez, as\u00ed como Allende y Morelos, y el Parque Ju\u00e1rez.<\/p>\n\n\n\n<p>A lo largo de los 650 metros del circuito tanto corredores como espectadores vivieron momentos de emoci\u00f3n y adrenalina cuando los astados pasaron frente a ellos, rumbo a la Plaza de Toros \u201cLa Taurina\u201d.<\/p>\n\n\n\n<p>Previamente, el presidente municipal, Salvador Santos Cedillo lanz\u00f3 el primer cohet\u00f3n que anunci\u00f3 el inicio del evento taurino; fueron tres toros de la Ganader\u00eda de Tepeyahualco y tres de N\u00fa\u00f1ez del Olmo.<\/p>\n\n\n\n<p>Al final del encierro el alcalde de Huamantla Santos Cedillo confirm\u00f3 que hubo saldo blanco derivado de la organizaci\u00f3n estricta que realizaron, sumado a la participaci\u00f3n de m\u00e1s de 100 elementos de seguridad, 10 ambulancias y puestos de socorro en todo el circuito.<\/p>\n\n\n\n<p>Justific\u00f3 que la organizaci\u00f3n de las autoridades municipales qued\u00f3 demostrada al no registrarse venta de alcohol, lo que permiti\u00f3 una sana convivencia y a tener un buen desenlace, al aplicarse pruebas de alcoholimetr\u00eda a los mozos y otros colaboradores.<\/p>\n\n\n\n<p>Salvador Santos destac\u00f3 el desempe\u00f1o que tuvieron elementos de la Coordinaci\u00f3n Municipal de Protecci\u00f3n Civil en conjunto con autoridades estatales de Seguridad, Cruz Roja y de emergencias, de manera coordinada antes, durante y despu\u00e9s del encierro estuvieron al pendiente, monitoreando y revisando todos los aspectos.<\/p>\n\n\n\n<p>Despu\u00e9s de que los toros fueron resguardados, en la \u201cAldea M\u00e1gica\u201d autoridades municipales realizaron una tienta de vaquillas en la Plaza de Toros \u201cLa Taurina\u201d, para los corredores que llegaron hasta el final.<\/p>\n\n\n\n<p>El gobierno municipal de Huamantla agradeci\u00f3 la civilidad de los asistentes, al tener calles limpias sin basura, tanto en el circuito como en los lugares donde colocaron las gradas.<\/p>\n\n\n\n<p>El Pueblo M\u00e1gico mantiene actividades para ser un atractivo tur\u00edstico de la regi\u00f3n, en esta ocasi\u00f3n con el encierro de toros al estilo Pamplona.<br>De manera previa, el alcalde Santos Cedillo y el personal de Protecci\u00f3n Civil de Huamantla recorrieron los m\u00e1s de 650 metros del circuito, con la finalidad de verificar las condiciones de seguridad.<\/p>\n\n\n\n<p>Tambi\u00e9n dieron sugerencias a los asistentes para mantener el orden y la paz en favor de disfrutar del evento taurino.<br>Despu\u00e9s de que los toros fueron resguardados, en la \u201cAldea M\u00e1gica\u201d autoridades municipales realizaron una tienta de vaquillas en la Plaza de Toros \u201cLa Taurina\u201d, para los corredores que llegaron hasta el final.<\/p>\n","protected":false},"excerpt":{"rendered":"<p>Casi 10 mil personas gozaron de los protagonistas: seis toros de las ganader\u00edas de Tepeyahualco y N\u00fa\u00f1ez del Olmo que recorrieron 650 metros, al igual que 700 corredores quienes con valent\u00eda salieron desde el estacionamiento conocido como Los Morales hasta la Plaza de Toros \u201cLa Taurina\u201d. El evento taurino atrajo a corredores de diversos puntos [&hellip;]<\/p>\n","protected":false},"author":4,"featured_media":38681,"comment_status":"open","ping_status":"open","sticky":false,"template":"","format":"standard","meta":{"om_disable_all_campaigns":false,"_monsterinsights_skip_tracking":false,"_monsterinsights_sitenote_active":false,"_monsterinsights_sitenote_note":"","_monsterinsights_sitenote_category":0,"footnotes":""},"categories":[175],"tags":[195,223,210],"class_list":["post-38680","post","type-post","status-publish","format-standard","has-post-thumbnail","hentry","category-local","tag-principal","tag-puebla","tag-tlaxcala"],"amp_enabled":true,"_links":{"self":[{"href":"https:\/\/lahora.mx\/index.php\/wp-json\/wp\/v2\/posts\/38680","targetHints":{"allow":["GET"]}}],"collection":[{"href":"https:\/\/lahora.mx\/index.php\/wp-json\/wp\/v2\/posts"}],"about":[{"href":"https:\/\/lahora.mx\/index.php\/wp-json\/wp\/v2\/types\/post"}],"author":[{"embeddable":true,"href":"https:\/\/lahora.mx\/index.php\/wp-json\/wp\/v2\/users\/4"}],"replies":[{"embeddable":true,"href":"https:\/\/lahora.mx\/index.php\/wp-json\/wp\/v2\/comments?post=38680"}],"version-history":[{"count":1,"href":"https:\/\/lahora.mx\/index.php\/wp-json\/wp\/v2\/posts\/38680\/revisions"}],"predecessor-version":[{"id":38682,"href":"https:\/\/lahora.mx\/index.php\/wp-json\/wp\/v2\/posts\/38680\/revisions\/38682"}],"wp:featuredmedia":[{"embeddable":true,"href":"https:\/\/lahora.mx\/index.php\/wp-json\/wp\/v2\/media\/38681"}],"wp:attachment":[{"href":"https:\/\/lahora.mx\/index.php\/wp-json\/wp\/v2\/media?parent=38680"}],"wp:term":[{"taxonomy":"category","embeddable":true,"href":"https:\/\/lahora.mx\/index.php\/wp-json\/wp\/v2\/categories?post=38680"},{"taxonomy":"post_tag","embeddable":true,"href":"https:\/\/lahora.mx\/index.php\/wp-json\/wp\/v2\/tags?post=38680"}],"curies":[{"name":"wp","href":"https:\/\/api.w.org\/{rel}","templated":true}]}}