{"id":38677,"date":"2023-12-18T01:34:46","date_gmt":"2023-12-18T01:34:46","guid":{"rendered":"http:\/\/lahora.mx\/?p=38677"},"modified":"2023-12-18T01:34:47","modified_gmt":"2023-12-18T01:34:47","slug":"tren-maya-detonara-el-desarrollo-en-el-sureste-de-mexico-lorena-cuellar","status":"publish","type":"post","link":"https:\/\/lahora.mx\/index.php\/2023\/12\/18\/tren-maya-detonara-el-desarrollo-en-el-sureste-de-mexico-lorena-cuellar\/","title":{"rendered":"Tren Maya detonar\u00e1 el desarrollo en el sureste de M\u00e9xico: Lorena Cu\u00e9llar"},"content":{"rendered":"\n<p>El Tren Maya, recientemente inaugurado por el presidente Andr\u00e9s Manuel L\u00f3pez Obrador, detonar\u00e1 el desarrollo econ\u00f3mico en el sur del pa\u00eds destac\u00f3, la gobernadora Lorena Cu\u00e9llar Cisneros.<\/p>\n\n\n\n<p>Al sumarse a un pronunciamiento p\u00fablico hecho por los gobernadores emanados del partido Movimiento Regeneraci\u00f3n Nacional, la mandataria de Tlaxcala se congratul\u00f3 con la recuperaci\u00f3n y puesta en marcha de ese sistema de transporte p\u00fablico.<\/p>\n\n\n\n<p>\u00abLos gobernadores de la Cuarta Transformaci\u00f3n felicitamos al presidente Andr\u00e9s Manuel L\u00f3pez Obrador por su gran visi\u00f3n social, cumplir su palabra y por hacer realidad la primera etapa del Tren Maya\u00bb, escribi\u00f3 a trav\u00e9s de sus redes sociales oficiales.<\/p>\n\n\n\n<p>En la misiva, los gobernadores aplaudieron la inauguraci\u00f3n de la primera etapa del Tren Maya, que cubrir\u00e1 la ruta Campeche-M\u00e9rida-Canc\u00fan con 14 estaciones.<\/p>\n\n\n\n<p>\u00abLa apuesta en servicio de esa magna obra p\u00fablica significa un avance trascendental de la infraestructura para el progreso, con bienestar, del sureste del pa\u00eds\u00bb, dice el comunicado.<\/p>\n\n\n\n<p>Agregaron que ese proyecto detonar\u00e1 el desarrollo econ\u00f3mico y el potencial tur\u00edstico de la regi\u00f3n, y principalmente recuperar\u00e1 a favor del pueblo el servicio de trenes desmantelados durante la \u00ab\u00e9poca neoliberal\u00bb, que es superada con el esfuerzo cotidiano de los mexicanos.<\/p>\n\n\n\n<p>\u00abEs con acciones como esta, que rescatan la cultura de M\u00e9xico para proyectarla con justicia hacia el futuro, que se expresa la profunda transformaci\u00f3n que vivimos en todos los \u00e1mbitos de la vida p\u00fablica\u00bb, dice el documento firmado por los mandatarios de la Cuarta Transformaci\u00f3n.<\/p>\n","protected":false},"excerpt":{"rendered":"<p>El Tren Maya, recientemente inaugurado por el presidente Andr\u00e9s Manuel L\u00f3pez Obrador, detonar\u00e1 el desarrollo econ\u00f3mico en el sur del pa\u00eds destac\u00f3, la gobernadora Lorena Cu\u00e9llar Cisneros. Al sumarse a un pronunciamiento p\u00fablico hecho por los gobernadores emanados del partido Movimiento Regeneraci\u00f3n Nacional, la mandataria de Tlaxcala se congratul\u00f3 con la recuperaci\u00f3n y puesta en [&hellip;]<\/p>\n","protected":false},"author":4,"featured_media":38678,"comment_status":"open","ping_status":"open","sticky":false,"template":"","format":"standard","meta":{"om_disable_all_campaigns":false,"_monsterinsights_skip_tracking":false,"_monsterinsights_sitenote_active":false,"_monsterinsights_sitenote_note":"","_monsterinsights_sitenote_category":0,"footnotes":""},"categories":[175],"tags":[223,210],"class_list":["post-38677","post","type-post","status-publish","format-standard","has-post-thumbnail","hentry","category-local","tag-puebla","tag-tlaxcala"],"amp_enabled":true,"_links":{"self":[{"href":"https:\/\/lahora.mx\/index.php\/wp-json\/wp\/v2\/posts\/38677","targetHints":{"allow":["GET"]}}],"collection":[{"href":"https:\/\/lahora.mx\/index.php\/wp-json\/wp\/v2\/posts"}],"about":[{"href":"https:\/\/lahora.mx\/index.php\/wp-json\/wp\/v2\/types\/post"}],"author":[{"embeddable":true,"href":"https:\/\/lahora.mx\/index.php\/wp-json\/wp\/v2\/users\/4"}],"replies":[{"embeddable":true,"href":"https:\/\/lahora.mx\/index.php\/wp-json\/wp\/v2\/comments?post=38677"}],"version-history":[{"count":1,"href":"https:\/\/lahora.mx\/index.php\/wp-json\/wp\/v2\/posts\/38677\/revisions"}],"predecessor-version":[{"id":38679,"href":"https:\/\/lahora.mx\/index.php\/wp-json\/wp\/v2\/posts\/38677\/revisions\/38679"}],"wp:featuredmedia":[{"embeddable":true,"href":"https:\/\/lahora.mx\/index.php\/wp-json\/wp\/v2\/media\/38678"}],"wp:attachment":[{"href":"https:\/\/lahora.mx\/index.php\/wp-json\/wp\/v2\/media?parent=38677"}],"wp:term":[{"taxonomy":"category","embeddable":true,"href":"https:\/\/lahora.mx\/index.php\/wp-json\/wp\/v2\/categories?post=38677"},{"taxonomy":"post_tag","embeddable":true,"href":"https:\/\/lahora.mx\/index.php\/wp-json\/wp\/v2\/tags?post=38677"}],"curies":[{"name":"wp","href":"https:\/\/api.w.org\/{rel}","templated":true}]}}