{"id":38674,"date":"2023-12-18T01:29:30","date_gmt":"2023-12-18T01:29:30","guid":{"rendered":"http:\/\/lahora.mx\/?p=38674"},"modified":"2023-12-18T01:29:30","modified_gmt":"2023-12-18T01:29:30","slug":"ordenan-detencion-del-exvicepresidente-de-ecuador-jorge-glas","status":"publish","type":"post","link":"https:\/\/lahora.mx\/index.php\/2023\/12\/18\/ordenan-detencion-del-exvicepresidente-de-ecuador-jorge-glas\/","title":{"rendered":"Ordenan detenci\u00f3n del exvicepresidente de Ecuador, Jorge Glas"},"content":{"rendered":"\n<p>La fiscal general de Ecuador, Diana Salazar, orden\u00f3 a la Polic\u00eda que localice y detenga, con fines de investigaci\u00f3n, a Jorge Glas, un exvicepresidente en el Gobierno de Rafael Correa (2007-2017) que ya estuvo en la c\u00e1rcel entre 2017 y 2022 por supuesta corrupci\u00f3n.<\/p>\n\n\n\n<p>En un escrito que ha circulado en redes sociales, Salazar dispone al comandante general de la Polic\u00eda, C\u00e9sar Zapata, que coordine las acciones para proceder a la \u00abubicaci\u00f3n, localizaci\u00f3n, inmovilizaci\u00f3n y traslado\u00bb de Glas a la unidad de la Fiscal\u00eda de Fuero de Corte N\u00famero 2, situada en la sede del Ministerio P\u00fablico en Quito.<\/p>\n\n\n\n<p>El pedido de detenci\u00f3n de Glas se enmarca en una investigaci\u00f3n de car\u00e1cter reservada que lleva adelante la Fiscal\u00eda, que ha pedido que la detenci\u00f3n a Glas se la haga sin que \u00e9l sea esposado y por un lapso de doce horas con fines de investigaci\u00f3n, como determina la normativa.<\/p>\n\n\n\n<p>Salazar invoc\u00f3 en el escrito el C\u00f3digo Org\u00e1nico Integral Penal, que en uno de sus art\u00edculos dispone que el fiscal podr\u00e1 \u00abimpedir, por un tiempo no mayor de doce horas, que las personas cuya informaci\u00f3n sea necesaria o sospechosos, se ausenten del lugar\u00bb de la investigaci\u00f3n.<br>Luego de conocerse versiones de que Glas habr\u00eda ingresado este domingo en la Embajada de M\u00e9xico en Ecuador, la Canciller\u00eda ecuatoriana se pronunci\u00f3.<\/p>\n\n\n\n<p>\u201cAnte informaci\u00f3n de la presencia del se\u00f1or Jorge Glas en la sede de la Embajada de M\u00e9xico, Cancilleria realiza las acciones necesarias con ese Gobierno para que el requerimiento de la Fiscal\u00eda General del Estado, respecto del ciudadano ecuatoriano en referencia, pueda cumplirse\u201d, poste\u00f3 en X (antes Twitter).<\/p>\n\n\n\n<p>\u00abEcuador exhorta a las autoridades mexicanas a que inviten al se\u00f1or Glas a cooperar con las autoridades policiales, y se encuentra expectante de la cooperaci\u00f3n que M\u00e9xico brinde para tal efecto\u00bb, agreg\u00f3. Solicit\u00f3 la urgente colaboraci\u00f3n de las autoridades mexicanas \u00aba fin de que se invite al citado ciudadano a abandonar dicha representaci\u00f3n diplom\u00e1tica, inmediatamente\u00bb.<\/p>\n\n\n\n<p>El objetivo es que Glas \u00abcumpla con su obligaci\u00f3n de presentarse ante el fiscal de la Unidad de Fuero de Corte Nacional\u00bb y se someta a \u00abvarias diligencias investigativas dentro de los procesos judiciales en curso\u00bb y en los que \u00abse encuentra inculpado y procesado\u00bb, agreg\u00f3 en el escrito.<\/p>\n\n\n\n<p>La Canciller\u00eda ecuatoriana, adem\u00e1s, asegur\u00f3 que \u00abapreciar\u00e1 que la Honorable Embajada de los Estados Unidos Mexicanos le haga llegar de inmediato la informaci\u00f3n relativa a la raz\u00f3n de la presencia del se\u00f1or Jorge Glas en la sede de esa representaci\u00f3n diplom\u00e1tica\u00bb.<\/p>\n\n\n\n<p>La canciller\u00eda mexicana confirm\u00f3 que el exvicepresidente de Ecuador, Jorge Glas, se refugi\u00f3 en la embajada de M\u00e9xico en Ecuador, y detall\u00f3 que se encuentra en calidad de \u00abhu\u00e9sped\u00bb.<\/p>\n\n\n\n<p>\u00abEl 17 de diciembre de 2023, Jorge Glas Espinel se present\u00f3 en la sede de la Embajada de M\u00e9xico en Quito para solicitar su ingreso y salvaguarda, expresando temor por su seguridad y libertad personal\u00bb, explicaron autoridades de la Secretar\u00eda de Relaciones Exteriores a trav\u00e9s de un comunicado.<\/p>\n\n\n\n<p>Recordaron que de conformidad con el marco jur\u00eddico mexicano en materia de protecci\u00f3n internacional a personas, con los protocolos de la Secretar\u00eda de Relaciones Exteriores (SRE) para este tipo de casos, y con el principio pro persona consagrado en el art\u00edculo 1 de la Constituci\u00f3n Pol\u00edtica de los Estados Unidos Mexicanos, se permiti\u00f3 el acceso Glas Espinel en calidad de hu\u00e9sped.<\/p>\n\n\n\n<p>Detallaron que en caso de que Jorge Glas formalice una solicitud de asilo pol\u00edtico, el Gobierno de M\u00e9xico lo analizar\u00e1.<\/p>\n\n\n\n<p>\u00abLa analizar\u00e1 detenidamente y recabar\u00e1 la informaci\u00f3n necesaria para proceder como corresponda, de conformidad con los tratados internacionales pertinentes de los que M\u00e9xico y Ecuador son parte y con el derecho internacional consuetudinario en la materia\u00bb.<\/p>\n\n\n\n<p>Finalmente, la canciller\u00eda expuso que este domingo, tras recibirlo como hu\u00e9sped, el gobierno mexicano expres\u00f3 al Ministerio de Relaciones Exteriores del Ecuador, que est\u00e1n en la mejor disposici\u00f3n de mantener el di\u00e1logo y colaboraci\u00f3n con las autoridades ecuatorianas para allegarse de toda la informaci\u00f3n necesaria sobre la situaci\u00f3n del Jorge David Glas Espinel.<\/p>\n\n\n\n<p>Asilo no procede, afirma Ecuador<br>El gobierno ecuatoriano consider\u00f3 \u00abque no ser\u00eda l\u00edcita\u00bb una eventual concesi\u00f3n de asilo diplom\u00e1tico a Glas, en virtud del Art\u00edculo III de la Convenci\u00f3n sobre Asilo Diplom\u00e1tico de 1954 que descarta ese derecho a personas que estuvieren \u00abinculpadas o procesadas en forma ante tribunales ordinarios competentes\u00bb.<\/p>\n\n\n\n<p>Fiscal\u00eda de Ecuador y nuevo juicio contra Glas<br>El pasado 29 de noviembre, el juez Luis Rivera dej\u00f3 en manos de la Asamblea Nacional (Parlamento), por el fuero de corte, la posibilidad de abrir un nuevo juicio contra el exvicepresidente Glas, por un caso de malversaci\u00f3n de fondos p\u00fablicos, decisi\u00f3n que la Fiscal\u00eda calific\u00f3 de \u00abinnecesaria y dilatoria\u00bb al no ser ya un funcionario p\u00fablico.<\/p>\n\n\n\n<p>Rivera hab\u00eda enviado a la Asamblea un escrito en el que ped\u00eda que dirima la posibilidad de iniciar un nuevo proceso legal contra Glas, quien recuper\u00f3 la libertad hace un a\u00f1o tras haber pasado cinco en la c\u00e1rcel por condenas de supuesta corrupci\u00f3n, que el reo consider\u00f3 como una persecuci\u00f3n pol\u00edtica y judicial en su contra.<\/p>\n\n\n\n<p>Glas incluso hab\u00eda reivindicado su inocencia en dos casos por presunta asociaci\u00f3n il\u00edcita y cohecho, luego de que la Justicia de Brasil anulara pruebas inform\u00e1ticas del entramado de corrupci\u00f3n de la constructora Odebrecht, que tambi\u00e9n apuntaban al exvicepresidente ecuatoriano.<\/p>\n\n\n\n<p>El \u00faltimo pedido de detenci\u00f3n de Glas por parte de la fiscal general del Estado se dio pocos d\u00edas despu\u00e9s de que la justicia ordenara la prisi\u00f3n preventiva del presidente del Consejo de la Judicatura, Wilman Ter\u00e1n, detenido el jueves como parte del caso &#8216;Met\u00e1stasis&#8217;, referente a una presunta trama de corrupci\u00f3n en el sistema judicial, carcelario y policial por la supuesta infiltraci\u00f3n y sobornos del narcotr\u00e1fico.<\/p>\n\n\n\n<p>La detenci\u00f3n de Ter\u00e1n se produjo en medio de un pulso dentro de la judicatura por el proceso de selecci\u00f3n de nuevos jueces para la Corte Nacional, as\u00ed como por la posibilidad de que se inicie un juicio pol\u00edtico en la Asamblea Nacional contra la fiscal general, Diana Salazar, acusada por detractores de usar su cargo como veh\u00edculo de persecuci\u00f3n, extremo que ella ha negado enf\u00e1ticamente.<\/p>\n","protected":false},"excerpt":{"rendered":"<p>La fiscal general de Ecuador, Diana Salazar, orden\u00f3 a la Polic\u00eda que localice y detenga, con fines de investigaci\u00f3n, a Jorge Glas, un exvicepresidente en el Gobierno de Rafael Correa (2007-2017) que ya estuvo en la c\u00e1rcel entre 2017 y 2022 por supuesta corrupci\u00f3n. En un escrito que ha circulado en redes sociales, Salazar dispone [&hellip;]<\/p>\n","protected":false},"author":4,"featured_media":38675,"comment_status":"open","ping_status":"open","sticky":false,"template":"","format":"standard","meta":{"om_disable_all_campaigns":false,"_monsterinsights_skip_tracking":false,"_monsterinsights_sitenote_active":false,"_monsterinsights_sitenote_note":"","_monsterinsights_sitenote_category":0,"footnotes":""},"categories":[176,226],"tags":[],"class_list":["post-38674","post","type-post","status-publish","format-standard","has-post-thumbnail","hentry","category-nacional","category-policia"],"amp_enabled":true,"_links":{"self":[{"href":"https:\/\/lahora.mx\/index.php\/wp-json\/wp\/v2\/posts\/38674","targetHints":{"allow":["GET"]}}],"collection":[{"href":"https:\/\/lahora.mx\/index.php\/wp-json\/wp\/v2\/posts"}],"about":[{"href":"https:\/\/lahora.mx\/index.php\/wp-json\/wp\/v2\/types\/post"}],"author":[{"embeddable":true,"href":"https:\/\/lahora.mx\/index.php\/wp-json\/wp\/v2\/users\/4"}],"replies":[{"embeddable":true,"href":"https:\/\/lahora.mx\/index.php\/wp-json\/wp\/v2\/comments?post=38674"}],"version-history":[{"count":1,"href":"https:\/\/lahora.mx\/index.php\/wp-json\/wp\/v2\/posts\/38674\/revisions"}],"predecessor-version":[{"id":38676,"href":"https:\/\/lahora.mx\/index.php\/wp-json\/wp\/v2\/posts\/38674\/revisions\/38676"}],"wp:featuredmedia":[{"embeddable":true,"href":"https:\/\/lahora.mx\/index.php\/wp-json\/wp\/v2\/media\/38675"}],"wp:attachment":[{"href":"https:\/\/lahora.mx\/index.php\/wp-json\/wp\/v2\/media?parent=38674"}],"wp:term":[{"taxonomy":"category","embeddable":true,"href":"https:\/\/lahora.mx\/index.php\/wp-json\/wp\/v2\/categories?post=38674"},{"taxonomy":"post_tag","embeddable":true,"href":"https:\/\/lahora.mx\/index.php\/wp-json\/wp\/v2\/tags?post=38674"}],"curies":[{"name":"wp","href":"https:\/\/api.w.org\/{rel}","templated":true}]}}