{"id":38656,"date":"2023-12-16T01:43:38","date_gmt":"2023-12-16T01:43:38","guid":{"rendered":"http:\/\/lahora.mx\/?p=38656"},"modified":"2023-12-16T01:43:39","modified_gmt":"2023-12-16T01:43:39","slug":"dos-cuerpos-calcinados-son-hallados-en-campos-de-cuautlancingo","status":"publish","type":"post","link":"https:\/\/lahora.mx\/index.php\/2023\/12\/16\/dos-cuerpos-calcinados-son-hallados-en-campos-de-cuautlancingo\/","title":{"rendered":"Dos cuerpos calcinados son hallados en campos de Cuautlancingo"},"content":{"rendered":"\n<p>En campos de cultivo del municipio de Cuautlancingo, el viernes por la tarde fueron descubiertos dos cad\u00e1veres calcinados. Al lugar arribaron diversos cuerpos de emergencia y policial.<\/p>\n\n\n\n<p>Personas que pasaban sobre la calle Agust\u00edn de Iturbide y Camino Real, fueron quienes hicieron el descubrimiento de los cuerpos, por ello de inmediato llamaron a la polic\u00eda.<\/p>\n\n\n\n<p>Agentes de la Polic\u00eda Municipal de Cuautlancingo se trasladaron a la zona, all\u00ed encontraron los dos cuerpos calcinados y encima de ellos algunos neum\u00e1ticos, tambi\u00e9n consumidos por las llamas.<\/p>\n\n\n\n<p>Luego de que los oficiales confirmaron los hechos acordonaron el \u00e1rea y dieron parte a la Fiscal\u00eda General del Estado (FGE).<\/p>\n\n\n\n<p>Elementos de la Coordinaci\u00f3n General Especializada en la Investigaci\u00f3n de Homicidios Dolosos, junto con peritos, arribaron a la zona para las diligencias del levantamiento de los cuerpos.<\/p>\n\n\n\n<p>Debido a las condiciones de los cad\u00e1veres no se pudo determinar el sexo de las v\u00edctimas, por ello se espera que con los estudios de gen\u00e9tica se pueda determinar si eran hombres o mujeres. Adem\u00e1s, con el avance de las investigaciones tambi\u00e9n se espera saber el m\u00f3vil de los hechos.<\/p>\n","protected":false},"excerpt":{"rendered":"<p>En campos de cultivo del municipio de Cuautlancingo, el viernes por la tarde fueron descubiertos dos cad\u00e1veres calcinados. Al lugar arribaron diversos cuerpos de emergencia y policial. Personas que pasaban sobre la calle Agust\u00edn de Iturbide y Camino Real, fueron quienes hicieron el descubrimiento de los cuerpos, por ello de inmediato llamaron a la polic\u00eda. [&hellip;]<\/p>\n","protected":false},"author":4,"featured_media":38657,"comment_status":"open","ping_status":"open","sticky":false,"template":"","format":"standard","meta":{"om_disable_all_campaigns":false,"_monsterinsights_skip_tracking":false,"_monsterinsights_sitenote_active":false,"_monsterinsights_sitenote_note":"","_monsterinsights_sitenote_category":0,"footnotes":""},"categories":[175,226],"tags":[223],"class_list":["post-38656","post","type-post","status-publish","format-standard","has-post-thumbnail","hentry","category-local","category-policia","tag-puebla"],"amp_enabled":true,"_links":{"self":[{"href":"https:\/\/lahora.mx\/index.php\/wp-json\/wp\/v2\/posts\/38656","targetHints":{"allow":["GET"]}}],"collection":[{"href":"https:\/\/lahora.mx\/index.php\/wp-json\/wp\/v2\/posts"}],"about":[{"href":"https:\/\/lahora.mx\/index.php\/wp-json\/wp\/v2\/types\/post"}],"author":[{"embeddable":true,"href":"https:\/\/lahora.mx\/index.php\/wp-json\/wp\/v2\/users\/4"}],"replies":[{"embeddable":true,"href":"https:\/\/lahora.mx\/index.php\/wp-json\/wp\/v2\/comments?post=38656"}],"version-history":[{"count":1,"href":"https:\/\/lahora.mx\/index.php\/wp-json\/wp\/v2\/posts\/38656\/revisions"}],"predecessor-version":[{"id":38658,"href":"https:\/\/lahora.mx\/index.php\/wp-json\/wp\/v2\/posts\/38656\/revisions\/38658"}],"wp:featuredmedia":[{"embeddable":true,"href":"https:\/\/lahora.mx\/index.php\/wp-json\/wp\/v2\/media\/38657"}],"wp:attachment":[{"href":"https:\/\/lahora.mx\/index.php\/wp-json\/wp\/v2\/media?parent=38656"}],"wp:term":[{"taxonomy":"category","embeddable":true,"href":"https:\/\/lahora.mx\/index.php\/wp-json\/wp\/v2\/categories?post=38656"},{"taxonomy":"post_tag","embeddable":true,"href":"https:\/\/lahora.mx\/index.php\/wp-json\/wp\/v2\/tags?post=38656"}],"curies":[{"name":"wp","href":"https:\/\/api.w.org\/{rel}","templated":true}]}}