{"id":38653,"date":"2023-12-15T23:52:28","date_gmt":"2023-12-15T23:52:28","guid":{"rendered":"http:\/\/lahora.mx\/?p=38653"},"modified":"2023-12-15T23:52:29","modified_gmt":"2023-12-15T23:52:29","slug":"bertha-alcalde-declino-por-lenia-batres-amlo-cuenta-como-eligio-a-la-nueva-ministra-de-la-corte","status":"publish","type":"post","link":"https:\/\/lahora.mx\/index.php\/2023\/12\/15\/bertha-alcalde-declino-por-lenia-batres-amlo-cuenta-como-eligio-a-la-nueva-ministra-de-la-corte\/","title":{"rendered":"Bertha Alcalde declin\u00f3 por Lenia Batres; AMLO cuenta c\u00f3mo eligi\u00f3 a la nueva ministra de la Corte"},"content":{"rendered":"\n<p>El presidente Andr\u00e9s Manuel L\u00f3pez Obrador cont\u00f3 c\u00f3mo fue que eligi\u00f3 a Lenia Batres como nueva ministra de la Suprema Corte de Justicia de la Naci\u00f3n (SCJN), luego de que en el Senado no fuera electa ninguna de las mujeres que envi\u00f3 en dos ternas.<\/p>\n\n\n\n<p>En su conferencia ma\u00f1anera de este viernes 15 de diciembre en Campeche, previo a la inauguraci\u00f3n de una primera etapa del Tren Maya, L\u00f3pez Obrador cont\u00f3 que se reuni\u00f3 con Lenia Batres y con Bertha Alcalde Luj\u00e1n, otra de sus propuestas. Refiri\u00f3 que ambas obtuvieron la votaci\u00f3n m\u00e1s alta en el Senado<\/p>\n\n\n\n<p>\u201cLes dije: \u2018qu\u00e9 vamos a hacer, ay\u00fadenme\u2019. Y para que vean lo importante de las convicciones y eso es una lecci\u00f3n para todos, no hay que tener tanto apego, ni al poder ni al dinero (\u2026).<\/p>\n\n\n\n<p>\u201cLes dije a las dos: \u2018ay\u00fadenme, c\u00f3mo le hacemos, estamos hablando de 15 a\u00f1os asegurados de trabajo, yo espero que les vamos a ganar y que vamos a bajar los sueldos, pero son 15 a\u00f1os\u2019 (\u2026) Y Bertha me dijo: \u2018Presidente, yo gan\u00e9 la primera votaci\u00f3n, pero despu\u00e9s Lenia gan\u00f3 las \u00faltimas dos, sac\u00f3 m\u00e1s votos que yo, yo no tengo ning\u00fan problema, yo puedo ayudar en otra tarea\u2019. No lo hice, pero ten\u00eda ganas de pararme a abrazarla.<\/p>\n\n\n\n<p>\u201cO sea, un acto de dignidad, de principios, excepcional, extraordinario, porque hay quienes por un cargo menor se desgre\u00f1an, se rasgu\u00f1an, y por eso fue Lenia la propuesta. Y claro que nos va a seguir ayudando Bertha, y el tiempo que me queda, a lo mejor en otras cosas, donde me ayude m\u00e1s porque ya demostr\u00f3 con hechos que tiene convicciones, que tiene principios, que tiene ideales, as\u00ed fue y ya es ministra\u201d, cont\u00f3 el Presidente.<\/p>\n\n\n\n<p>\u201cElla (Bertha Alcalde), de manera muy consecuente, dijo: \u2018No Presidente\u2019. Explic\u00f3 lo de los votos, que en las \u00faltimas elecciones hab\u00eda obtenido Lenia m\u00e1s votos, pero pues fue una muy buena actitud\u201d, a\u00f1adi\u00f3.<\/p>\n\n\n\n<p>A Lenia Batres, Bertha Alcalde, Er\u00e9ndira Cruzvillegas y Mar\u00eda Estela R\u00edos Gonz\u00e1lez, L\u00f3pez Obrador las calific\u00f3 como \u201cde primera\u201d: \u201cMuy buenas, honestas, profesionales, con vocaci\u00f3n de justicia, independientes\u201d.<\/p>\n\n\n\n<p>Apunt\u00f3 que Lenia Batres ser\u00eda incapaz de recibir \u201cuna consigna\u201d o una \u201cl\u00ednea\u201d de nadie: \u201cPrimero yo no lo har\u00eda y tampoco ellas aceptar\u00edan que yo les dijera: \u2018votas as\u00ed\u2019, trat\u00e1ndose de una injusticia o para proteger un acto de corrupci\u00f3n\u201d.<\/p>\n","protected":false},"excerpt":{"rendered":"<p>El presidente Andr\u00e9s Manuel L\u00f3pez Obrador cont\u00f3 c\u00f3mo fue que eligi\u00f3 a Lenia Batres como nueva ministra de la Suprema Corte de Justicia de la Naci\u00f3n (SCJN), luego de que en el Senado no fuera electa ninguna de las mujeres que envi\u00f3 en dos ternas. En su conferencia ma\u00f1anera de este viernes 15 de diciembre [&hellip;]<\/p>\n","protected":false},"author":4,"featured_media":38654,"comment_status":"open","ping_status":"open","sticky":false,"template":"","format":"standard","meta":{"om_disable_all_campaigns":false,"_monsterinsights_skip_tracking":false,"_monsterinsights_sitenote_active":false,"_monsterinsights_sitenote_note":"","_monsterinsights_sitenote_category":0,"footnotes":""},"categories":[175],"tags":[223],"class_list":["post-38653","post","type-post","status-publish","format-standard","has-post-thumbnail","hentry","category-local","tag-puebla"],"amp_enabled":true,"_links":{"self":[{"href":"https:\/\/lahora.mx\/index.php\/wp-json\/wp\/v2\/posts\/38653","targetHints":{"allow":["GET"]}}],"collection":[{"href":"https:\/\/lahora.mx\/index.php\/wp-json\/wp\/v2\/posts"}],"about":[{"href":"https:\/\/lahora.mx\/index.php\/wp-json\/wp\/v2\/types\/post"}],"author":[{"embeddable":true,"href":"https:\/\/lahora.mx\/index.php\/wp-json\/wp\/v2\/users\/4"}],"replies":[{"embeddable":true,"href":"https:\/\/lahora.mx\/index.php\/wp-json\/wp\/v2\/comments?post=38653"}],"version-history":[{"count":1,"href":"https:\/\/lahora.mx\/index.php\/wp-json\/wp\/v2\/posts\/38653\/revisions"}],"predecessor-version":[{"id":38655,"href":"https:\/\/lahora.mx\/index.php\/wp-json\/wp\/v2\/posts\/38653\/revisions\/38655"}],"wp:featuredmedia":[{"embeddable":true,"href":"https:\/\/lahora.mx\/index.php\/wp-json\/wp\/v2\/media\/38654"}],"wp:attachment":[{"href":"https:\/\/lahora.mx\/index.php\/wp-json\/wp\/v2\/media?parent=38653"}],"wp:term":[{"taxonomy":"category","embeddable":true,"href":"https:\/\/lahora.mx\/index.php\/wp-json\/wp\/v2\/categories?post=38653"},{"taxonomy":"post_tag","embeddable":true,"href":"https:\/\/lahora.mx\/index.php\/wp-json\/wp\/v2\/tags?post=38653"}],"curies":[{"name":"wp","href":"https:\/\/api.w.org\/{rel}","templated":true}]}}