{"id":38650,"date":"2023-12-15T22:05:13","date_gmt":"2023-12-15T22:05:13","guid":{"rendered":"http:\/\/lahora.mx\/?p=38650"},"modified":"2023-12-15T22:05:14","modified_gmt":"2023-12-15T22:05:14","slug":"quema-de-torito-provoco-la-explosion-que-dejo-dos-muertos-en-tepeyahualco-confirma-fge","status":"publish","type":"post","link":"https:\/\/lahora.mx\/index.php\/2023\/12\/15\/quema-de-torito-provoco-la-explosion-que-dejo-dos-muertos-en-tepeyahualco-confirma-fge\/","title":{"rendered":"Quema de \u201ctorito\u201d provoc\u00f3 la explosi\u00f3n que dej\u00f3 dos muertos en Tepeyahualco, confirma FGE"},"content":{"rendered":"\n<p>La Fiscal\u00eda General del Estado FGE, se\u00f1al\u00f3 que la explosi\u00f3n en el municipio de Tepeyahualco fue provocada por las chispas que se desataron por la tradicional quema de \u201ctorito\u201d, a su vez se confirm\u00f3 que fueron dos hombres los que fallecieron llamados Valent\u00edn y el trompetista Gregorio.<\/p>\n\n\n\n<p>Tambi\u00e9n se destac\u00f3 que fueron 25 personas las que resultaron lesionadas de las cuales fueron siete mujeres y 18 hombres por esta terrible explosi\u00f3n que ocurri\u00f3 en la comunidad de Guadalupe Sarabia la noche del 13 de diciembre.<\/p>\n\n\n\n<p>A su vez la FGE indic\u00f3 que 13 lesionados ya fueron dados de alta y los 12 restantes siguen internados en el hospital continuando su recuperaci\u00f3n.<\/p>\n\n\n\n<p>Se indic\u00f3 que del total de los lesionados 24 de ellos fueron llevados a Veracruz al hospital y solo una persona fue enviada a un sanatorio en Puebla.<\/p>\n\n\n\n<p>Finalmente la FGE confirm\u00f3 que fueron dos los hombres que durante la explosi\u00f3n de pirotecnia en una bodega en dicha comunidad, perdieron la vida identificados como Valent\u00edn y Gregorio el trompetista de \u201cJorge Dom\u00ednguez y su grupo S\u00faper Class\u201d.<\/p>\n","protected":false},"excerpt":{"rendered":"<p>La Fiscal\u00eda General del Estado FGE, se\u00f1al\u00f3 que la explosi\u00f3n en el municipio de Tepeyahualco fue provocada por las chispas que se desataron por la tradicional quema de \u201ctorito\u201d, a su vez se confirm\u00f3 que fueron dos hombres los que fallecieron llamados Valent\u00edn y el trompetista Gregorio. Tambi\u00e9n se destac\u00f3 que fueron 25 personas las [&hellip;]<\/p>\n","protected":false},"author":4,"featured_media":38651,"comment_status":"open","ping_status":"open","sticky":false,"template":"","format":"standard","meta":{"om_disable_all_campaigns":false,"_monsterinsights_skip_tracking":false,"_monsterinsights_sitenote_active":false,"_monsterinsights_sitenote_note":"","_monsterinsights_sitenote_category":0,"footnotes":""},"categories":[175,226],"tags":[223],"class_list":["post-38650","post","type-post","status-publish","format-standard","has-post-thumbnail","hentry","category-local","category-policia","tag-puebla"],"amp_enabled":true,"_links":{"self":[{"href":"https:\/\/lahora.mx\/index.php\/wp-json\/wp\/v2\/posts\/38650","targetHints":{"allow":["GET"]}}],"collection":[{"href":"https:\/\/lahora.mx\/index.php\/wp-json\/wp\/v2\/posts"}],"about":[{"href":"https:\/\/lahora.mx\/index.php\/wp-json\/wp\/v2\/types\/post"}],"author":[{"embeddable":true,"href":"https:\/\/lahora.mx\/index.php\/wp-json\/wp\/v2\/users\/4"}],"replies":[{"embeddable":true,"href":"https:\/\/lahora.mx\/index.php\/wp-json\/wp\/v2\/comments?post=38650"}],"version-history":[{"count":1,"href":"https:\/\/lahora.mx\/index.php\/wp-json\/wp\/v2\/posts\/38650\/revisions"}],"predecessor-version":[{"id":38652,"href":"https:\/\/lahora.mx\/index.php\/wp-json\/wp\/v2\/posts\/38650\/revisions\/38652"}],"wp:featuredmedia":[{"embeddable":true,"href":"https:\/\/lahora.mx\/index.php\/wp-json\/wp\/v2\/media\/38651"}],"wp:attachment":[{"href":"https:\/\/lahora.mx\/index.php\/wp-json\/wp\/v2\/media?parent=38650"}],"wp:term":[{"taxonomy":"category","embeddable":true,"href":"https:\/\/lahora.mx\/index.php\/wp-json\/wp\/v2\/categories?post=38650"},{"taxonomy":"post_tag","embeddable":true,"href":"https:\/\/lahora.mx\/index.php\/wp-json\/wp\/v2\/tags?post=38650"}],"curies":[{"name":"wp","href":"https:\/\/api.w.org\/{rel}","templated":true}]}}