{"id":38647,"date":"2023-12-15T21:04:16","date_gmt":"2023-12-15T21:04:16","guid":{"rendered":"http:\/\/lahora.mx\/?p=38647"},"modified":"2023-12-15T21:04:17","modified_gmt":"2023-12-15T21:04:17","slug":"ultimo-dia-para-verificacion-sera-el-31-de-diciembre","status":"publish","type":"post","link":"https:\/\/lahora.mx\/index.php\/2023\/12\/15\/ultimo-dia-para-verificacion-sera-el-31-de-diciembre\/","title":{"rendered":"\u00daltimo d\u00eda para verificaci\u00f3n ser\u00e1 el 31 de diciembre"},"content":{"rendered":"\n<p>El pr\u00f3ximo 31 de diciembre ser\u00e1 el \u00faltimo d\u00eda para que los automovilistas cumplan con el segundo semestre de la verificaci\u00f3n vehicular en Puebla, para no ser acreedores a una multa por periodo extempor\u00e1neo.<\/p>\n\n\n\n<p>Adem\u00e1s, que en caso que la unidad cuente con una infracci\u00f3n por incumplimiento impuesta por la Secretar\u00eda de Seguridad P\u00fablica (SSP) al momento de ir a la verificaci\u00f3n, tambi\u00e9n ser\u00e1 acreedor a una multa por 20 veces del valor de la Unidad de Medida y Actualizaci\u00f3n (UMA), es decir por 2 mil 074.80 pesos.<\/p>\n\n\n\n<p>Sin embargo, de acuerdo a la p\u00e1gina oficial de la Secretar\u00eda de Medio Ambiente Desarrollo Sustentable y Ordenamiento Territorial (SMADSOT) la multa por no verificar, se mantiene en pagar tres veces el valor de UMA que es de 103.74, es decir que la sanci\u00f3n ser\u00e1 de 311.22 pesos.<\/p>\n\n\n\n<p>Aunque la titular de la dependencia estatal Beatriz Manrique Guevara advirti\u00f3 que ante la falta de compromiso de los conductores para realizar este proceso antes de que culmine el 2023, se analiza un incremento en la multa de hasta 700 pesos o m\u00e1s.<\/p>\n\n\n\n<p>Esto al recordar que en pasados periodos la sanci\u00f3n estaba por encima de los 2 mil pesos, pero en la actual administraci\u00f3n estatal otorgaron una serie de incentivos para promover que los conductores tuvieran al corriente las unidades y en \u00f3ptimas condiciones para su circulaci\u00f3n.<\/p>\n\n\n\n<p>Los veh\u00edculos deben realizar este proceso dos veces al a\u00f1o de acuerdo al \u00faltimo d\u00edgito de su placa de circulaci\u00f3n; en el primer semestre corresponde de enero a junio, y el segundo semestre de julio a diciembre. En este \u00faltimo mes del a\u00f1o, corresponde verificar a las unidades con terminaci\u00f3n 9 y 0.<\/p>\n","protected":false},"excerpt":{"rendered":"<p>El pr\u00f3ximo 31 de diciembre ser\u00e1 el \u00faltimo d\u00eda para que los automovilistas cumplan con el segundo semestre de la verificaci\u00f3n vehicular en Puebla, para no ser acreedores a una multa por periodo extempor\u00e1neo. Adem\u00e1s, que en caso que la unidad cuente con una infracci\u00f3n por incumplimiento impuesta por la Secretar\u00eda de Seguridad P\u00fablica (SSP) [&hellip;]<\/p>\n","protected":false},"author":4,"featured_media":38648,"comment_status":"open","ping_status":"open","sticky":false,"template":"","format":"standard","meta":{"om_disable_all_campaigns":false,"_monsterinsights_skip_tracking":false,"_monsterinsights_sitenote_active":false,"_monsterinsights_sitenote_note":"","_monsterinsights_sitenote_category":0,"footnotes":""},"categories":[175],"tags":[195,223],"class_list":["post-38647","post","type-post","status-publish","format-standard","has-post-thumbnail","hentry","category-local","tag-principal","tag-puebla"],"amp_enabled":true,"_links":{"self":[{"href":"https:\/\/lahora.mx\/index.php\/wp-json\/wp\/v2\/posts\/38647","targetHints":{"allow":["GET"]}}],"collection":[{"href":"https:\/\/lahora.mx\/index.php\/wp-json\/wp\/v2\/posts"}],"about":[{"href":"https:\/\/lahora.mx\/index.php\/wp-json\/wp\/v2\/types\/post"}],"author":[{"embeddable":true,"href":"https:\/\/lahora.mx\/index.php\/wp-json\/wp\/v2\/users\/4"}],"replies":[{"embeddable":true,"href":"https:\/\/lahora.mx\/index.php\/wp-json\/wp\/v2\/comments?post=38647"}],"version-history":[{"count":1,"href":"https:\/\/lahora.mx\/index.php\/wp-json\/wp\/v2\/posts\/38647\/revisions"}],"predecessor-version":[{"id":38649,"href":"https:\/\/lahora.mx\/index.php\/wp-json\/wp\/v2\/posts\/38647\/revisions\/38649"}],"wp:featuredmedia":[{"embeddable":true,"href":"https:\/\/lahora.mx\/index.php\/wp-json\/wp\/v2\/media\/38648"}],"wp:attachment":[{"href":"https:\/\/lahora.mx\/index.php\/wp-json\/wp\/v2\/media?parent=38647"}],"wp:term":[{"taxonomy":"category","embeddable":true,"href":"https:\/\/lahora.mx\/index.php\/wp-json\/wp\/v2\/categories?post=38647"},{"taxonomy":"post_tag","embeddable":true,"href":"https:\/\/lahora.mx\/index.php\/wp-json\/wp\/v2\/tags?post=38647"}],"curies":[{"name":"wp","href":"https:\/\/api.w.org\/{rel}","templated":true}]}}