{"id":38543,"date":"2023-12-14T03:36:43","date_gmt":"2023-12-14T03:36:43","guid":{"rendered":"http:\/\/lahora.mx\/?p=38543"},"modified":"2023-12-14T03:36:44","modified_gmt":"2023-12-14T03:36:44","slug":"dos-detenidos-tras-enfrentamiento-entre-ambulantes-y-policias","status":"publish","type":"post","link":"https:\/\/lahora.mx\/index.php\/2023\/12\/14\/dos-detenidos-tras-enfrentamiento-entre-ambulantes-y-policias\/","title":{"rendered":"Dos detenidos tras enfrentamiento entre ambulantes y polic\u00edas"},"content":{"rendered":"\n<p>Al menos dos personas detenidas ser\u00eda el saldo del enfrentamiento que protagonizaron vendedores ambulantes y polic\u00edas municipales en el Centro Hist\u00f3rico de la ciudad de Puebla.<\/p>\n\n\n\n<p>La tarde de este mi\u00e9rcoles 13 de diciembre se registr\u00f3 un nuevo enfrentamiento entre ambulantes y elementos de la Secretar\u00eda de Seguridad Ciudadana (SSC).<\/p>\n\n\n\n<p>De acuerdo con testigos del hecho, todo empez\u00f3 cuando un transe\u00fante que pasaba sobre la 8 Poniente tir\u00f3 accidentalmente un puesto ocasionando la molestia del propietario.<\/p>\n\n\n\n<p>Luego de reclamarle, \u00e9ste comenz\u00f3 agredir f\u00edsicamente al peat\u00f3n por lo que tuvo que intervenir la Polic\u00eda Municipal para calmar la situaci\u00f3n.<\/p>\n\n\n\n<p>No obstante, al momento de detener al ambulante, otros comerciantes informales exigieron a los uniformados que lo liberaran, lo que deton\u00f3 un enfrentamiento.<\/p>\n\n\n\n<p>Despu\u00e9s de algunos minutos de tensi\u00f3n, los polic\u00edas lograron asegurar al comerciante y al transe\u00fante para posteriormente retirarse del lugar.<\/p>\n\n\n\n<p>Sin embargo, al momento, esta informaci\u00f3n no ha sido confirmada por el Ayuntamiento de Puebla.<\/p>\n","protected":false},"excerpt":{"rendered":"<p>Al menos dos personas detenidas ser\u00eda el saldo del enfrentamiento que protagonizaron vendedores ambulantes y polic\u00edas municipales en el Centro Hist\u00f3rico de la ciudad de Puebla. La tarde de este mi\u00e9rcoles 13 de diciembre se registr\u00f3 un nuevo enfrentamiento entre ambulantes y elementos de la Secretar\u00eda de Seguridad Ciudadana (SSC). De acuerdo con testigos del [&hellip;]<\/p>\n","protected":false},"author":4,"featured_media":38544,"comment_status":"open","ping_status":"open","sticky":false,"template":"","format":"standard","meta":{"om_disable_all_campaigns":false,"_monsterinsights_skip_tracking":false,"_monsterinsights_sitenote_active":false,"_monsterinsights_sitenote_note":"","_monsterinsights_sitenote_category":0,"footnotes":""},"categories":[175,226],"tags":[223],"class_list":["post-38543","post","type-post","status-publish","format-standard","has-post-thumbnail","hentry","category-local","category-policia","tag-puebla"],"amp_enabled":true,"_links":{"self":[{"href":"https:\/\/lahora.mx\/index.php\/wp-json\/wp\/v2\/posts\/38543","targetHints":{"allow":["GET"]}}],"collection":[{"href":"https:\/\/lahora.mx\/index.php\/wp-json\/wp\/v2\/posts"}],"about":[{"href":"https:\/\/lahora.mx\/index.php\/wp-json\/wp\/v2\/types\/post"}],"author":[{"embeddable":true,"href":"https:\/\/lahora.mx\/index.php\/wp-json\/wp\/v2\/users\/4"}],"replies":[{"embeddable":true,"href":"https:\/\/lahora.mx\/index.php\/wp-json\/wp\/v2\/comments?post=38543"}],"version-history":[{"count":1,"href":"https:\/\/lahora.mx\/index.php\/wp-json\/wp\/v2\/posts\/38543\/revisions"}],"predecessor-version":[{"id":38545,"href":"https:\/\/lahora.mx\/index.php\/wp-json\/wp\/v2\/posts\/38543\/revisions\/38545"}],"wp:featuredmedia":[{"embeddable":true,"href":"https:\/\/lahora.mx\/index.php\/wp-json\/wp\/v2\/media\/38544"}],"wp:attachment":[{"href":"https:\/\/lahora.mx\/index.php\/wp-json\/wp\/v2\/media?parent=38543"}],"wp:term":[{"taxonomy":"category","embeddable":true,"href":"https:\/\/lahora.mx\/index.php\/wp-json\/wp\/v2\/categories?post=38543"},{"taxonomy":"post_tag","embeddable":true,"href":"https:\/\/lahora.mx\/index.php\/wp-json\/wp\/v2\/tags?post=38543"}],"curies":[{"name":"wp","href":"https:\/\/api.w.org\/{rel}","templated":true}]}}