{"id":38390,"date":"2023-12-11T17:06:08","date_gmt":"2023-12-11T17:06:08","guid":{"rendered":"http:\/\/lahora.mx\/?p=38390"},"modified":"2023-12-11T17:06:08","modified_gmt":"2023-12-11T17:06:08","slug":"atlixco-anuncia-el-huehue-atlixcayotl-2023","status":"publish","type":"post","link":"https:\/\/lahora.mx\/index.php\/2023\/12\/11\/atlixco-anuncia-el-huehue-atlixcayotl-2023\/","title":{"rendered":"Atlixco anuncia el Huehue Atlixcayotl 2023"},"content":{"rendered":"\n<p>Integrantes de la Asociaci\u00f3n Atlixcayotl 1965 y la presidenta municipal de Atlixco, Ariadna Ayala, anunciaron el pr\u00f3ximo Festival Huehue Atlixcayotl, mismo que se llevar\u00e1 a cabo el pr\u00f3ximo mi\u00e9rcoles 20 de diciembre de 2023, iniciando con un convite que partir\u00e1 de la Escalera Ancha, hacia la Plazuela de la Danza en el cerro de San Miguel.<\/p>\n\n\n\n<p>A 58 a\u00f1os del inicio de esta festividad, la mun\u00edcipe entreg\u00f3 instrumentos de m\u00fasica azteca a la Escuela de Iniciaci\u00f3n Musical y Violonchelo \u201cTelpochcalli\u201d, cumpliendo el plan de trabajo del actual comit\u00e9 de la asociaci\u00f3n, al respecto, Germ\u00e1n Ortiz Trinidad, presidente de la agrupaci\u00f3n, mencion\u00f3 que esta acci\u00f3n contribuye a la permanencia y continuidad de la m\u00fasica prehisp\u00e1nica entre las nuevas generaciones.<\/p>\n\n\n\n<p>En su participaci\u00f3n, Ariadna Ayala reconoci\u00f3 a la Asociaci\u00f3n Atlixcayotl 1965 por trabajar en el fortalecimiento de este festival que, en sinergia con la autoridad municipal, abonan a la consolidaci\u00f3n de la identidad atlixquense; asimismo, mencion\u00f3 estar muy contenta por la nueva integraci\u00f3n de la escuela de m\u00fasica azteca, que permitir\u00e1 mantener el legado cultural y ancestral.<\/p>\n\n\n\n<p>\u201cAtlixco es rico en naturaleza, gastronom\u00eda, cultura, identidad e historia, nos vemos este 20 de diciembre en la Plazuela de la Danza para conocer m\u00e1s de su historia\u201d, expres\u00f3.<\/p>\n\n\n\n<p>Este es el segundo a\u00f1o que la fiesta se realizar\u00e1 en la Plazuela de la Danza, la edici\u00f3n llevar\u00e1 por nombre \u201cHermandad Mixteca\u201d, conformada por pueblos mixtecos del Estado de Puebla y Oaxaca, as\u00ed como pueblos hermanos de Atlixco adem\u00e1s los anfitriones, Chinas y Charros del Huehue Atlixcayotl, cerrando la noche Voladores de Hueyapan y quema de canastas al ritmo de la danza por las Chinas.<\/p>\n\n\n\n<p>Para dar inicio al Huehue, la formaci\u00f3n de los participantes ser\u00e1 a las 15:30 horas en la Escalera Ancha, siguiendo el recorrido hacia el z\u00f3calo, pasando frente al Palacio Municipal y regresando por avenida Hidalgo, subiendo al Templo de San Francisco, hasta llegar a la Plazuela de la Danza para iniciar la fiesta en la explanada, aproximadamente a las 17:00 horas, siendo presidida por Patricia Vega Altamirano, Xochicihuatl del Huehue Atlixcayotl 2023.<\/p>\n","protected":false},"excerpt":{"rendered":"<p>Integrantes de la Asociaci\u00f3n Atlixcayotl 1965 y la presidenta municipal de Atlixco, Ariadna Ayala, anunciaron el pr\u00f3ximo Festival Huehue Atlixcayotl, mismo que se llevar\u00e1 a cabo el pr\u00f3ximo mi\u00e9rcoles 20 de diciembre de 2023, iniciando con un convite que partir\u00e1 de la Escalera Ancha, hacia la Plazuela de la Danza en el cerro de San [&hellip;]<\/p>\n","protected":false},"author":4,"featured_media":38391,"comment_status":"open","ping_status":"open","sticky":false,"template":"","format":"standard","meta":{"om_disable_all_campaigns":false,"_monsterinsights_skip_tracking":false,"_monsterinsights_sitenote_active":false,"_monsterinsights_sitenote_note":"","_monsterinsights_sitenote_category":0,"footnotes":""},"categories":[175],"tags":[223],"class_list":["post-38390","post","type-post","status-publish","format-standard","has-post-thumbnail","hentry","category-local","tag-puebla"],"amp_enabled":true,"_links":{"self":[{"href":"https:\/\/lahora.mx\/index.php\/wp-json\/wp\/v2\/posts\/38390","targetHints":{"allow":["GET"]}}],"collection":[{"href":"https:\/\/lahora.mx\/index.php\/wp-json\/wp\/v2\/posts"}],"about":[{"href":"https:\/\/lahora.mx\/index.php\/wp-json\/wp\/v2\/types\/post"}],"author":[{"embeddable":true,"href":"https:\/\/lahora.mx\/index.php\/wp-json\/wp\/v2\/users\/4"}],"replies":[{"embeddable":true,"href":"https:\/\/lahora.mx\/index.php\/wp-json\/wp\/v2\/comments?post=38390"}],"version-history":[{"count":1,"href":"https:\/\/lahora.mx\/index.php\/wp-json\/wp\/v2\/posts\/38390\/revisions"}],"predecessor-version":[{"id":38392,"href":"https:\/\/lahora.mx\/index.php\/wp-json\/wp\/v2\/posts\/38390\/revisions\/38392"}],"wp:featuredmedia":[{"embeddable":true,"href":"https:\/\/lahora.mx\/index.php\/wp-json\/wp\/v2\/media\/38391"}],"wp:attachment":[{"href":"https:\/\/lahora.mx\/index.php\/wp-json\/wp\/v2\/media?parent=38390"}],"wp:term":[{"taxonomy":"category","embeddable":true,"href":"https:\/\/lahora.mx\/index.php\/wp-json\/wp\/v2\/categories?post=38390"},{"taxonomy":"post_tag","embeddable":true,"href":"https:\/\/lahora.mx\/index.php\/wp-json\/wp\/v2\/tags?post=38390"}],"curies":[{"name":"wp","href":"https:\/\/api.w.org\/{rel}","templated":true}]}}