{"id":38383,"date":"2023-12-11T01:12:00","date_gmt":"2023-12-11T01:12:00","guid":{"rendered":"http:\/\/lahora.mx\/?p=38383"},"modified":"2023-12-11T01:12:00","modified_gmt":"2023-12-11T01:12:00","slug":"adrian-alcala-toma-protesta-como-presidente-del-inai","status":"publish","type":"post","link":"https:\/\/lahora.mx\/index.php\/2023\/12\/11\/adrian-alcala-toma-protesta-como-presidente-del-inai\/","title":{"rendered":"Adri\u00e1n Alcal\u00e1 toma protesta como presidente del INAI"},"content":{"rendered":"\n<p>Adri\u00e1n Alcal\u00e1 tom\u00f3 protesta como presidente del INAI para el periodo 2023-2026, luego de cuatro rondas de empate con Josefina Rom\u00e1n, debido a que Blanca Lilia Ibarra ejerci\u00f3 su voto de calidad en favor del comisionado.<\/p>\n\n\n\n<p>Esto, luego que la comisionada Julieta del R\u00edo se baj\u00f3 de la contienda al asegurar que no se logr\u00f3 la unanimidad, que ella no pod\u00eda apoyar una presidencia sin solvencia \u00e9tica y anunci\u00f3 que su voto ser\u00eda para Josefina Rom\u00e1n Vergara.<\/p>\n\n\n\n<p>Antes, en su \u00faltima participaci\u00f3n como presidenta del INAI, Blanca Lilia Ibarra Cadena, subray\u00f3 que no puede haber democracia sin transparencia en la vida p\u00fablica.<\/p>\n\n\n\n<p>Hoy, m\u00e1s que nunca, M\u00e9xico requiere de instituciones convencidas y comprometidas con el poder de la democracia y con la prosperidad que arroja la garant\u00eda plena de nuestros derechos\u00bb, se\u00f1al\u00f3 Adri\u00e1n Alcal\u00e1 tras tomar protesta como presidente del INAI.<\/p>\n\n\n\n<p>The video player is currently playing an ad.<br>Asimismo, dijo que una sociedad informada con un gobierno que rinde cuentas, hace de cualquier municipio o entidad federativa un lugar en paz que cree en sus instituciones y se nutre del Estado de derecho.<\/p>\n","protected":false},"excerpt":{"rendered":"<p>Adri\u00e1n Alcal\u00e1 tom\u00f3 protesta como presidente del INAI para el periodo 2023-2026, luego de cuatro rondas de empate con Josefina Rom\u00e1n, debido a que Blanca Lilia Ibarra ejerci\u00f3 su voto de calidad en favor del comisionado. Esto, luego que la comisionada Julieta del R\u00edo se baj\u00f3 de la contienda al asegurar que no se logr\u00f3 [&hellip;]<\/p>\n","protected":false},"author":4,"featured_media":38384,"comment_status":"open","ping_status":"open","sticky":false,"template":"","format":"standard","meta":{"om_disable_all_campaigns":false,"_monsterinsights_skip_tracking":false,"_monsterinsights_sitenote_active":false,"_monsterinsights_sitenote_note":"","_monsterinsights_sitenote_category":0,"footnotes":""},"categories":[175],"tags":[223],"class_list":["post-38383","post","type-post","status-publish","format-standard","has-post-thumbnail","hentry","category-local","tag-puebla"],"amp_enabled":true,"_links":{"self":[{"href":"https:\/\/lahora.mx\/index.php\/wp-json\/wp\/v2\/posts\/38383","targetHints":{"allow":["GET"]}}],"collection":[{"href":"https:\/\/lahora.mx\/index.php\/wp-json\/wp\/v2\/posts"}],"about":[{"href":"https:\/\/lahora.mx\/index.php\/wp-json\/wp\/v2\/types\/post"}],"author":[{"embeddable":true,"href":"https:\/\/lahora.mx\/index.php\/wp-json\/wp\/v2\/users\/4"}],"replies":[{"embeddable":true,"href":"https:\/\/lahora.mx\/index.php\/wp-json\/wp\/v2\/comments?post=38383"}],"version-history":[{"count":1,"href":"https:\/\/lahora.mx\/index.php\/wp-json\/wp\/v2\/posts\/38383\/revisions"}],"predecessor-version":[{"id":38385,"href":"https:\/\/lahora.mx\/index.php\/wp-json\/wp\/v2\/posts\/38383\/revisions\/38385"}],"wp:featuredmedia":[{"embeddable":true,"href":"https:\/\/lahora.mx\/index.php\/wp-json\/wp\/v2\/media\/38384"}],"wp:attachment":[{"href":"https:\/\/lahora.mx\/index.php\/wp-json\/wp\/v2\/media?parent=38383"}],"wp:term":[{"taxonomy":"category","embeddable":true,"href":"https:\/\/lahora.mx\/index.php\/wp-json\/wp\/v2\/categories?post=38383"},{"taxonomy":"post_tag","embeddable":true,"href":"https:\/\/lahora.mx\/index.php\/wp-json\/wp\/v2\/tags?post=38383"}],"curies":[{"name":"wp","href":"https:\/\/api.w.org\/{rel}","templated":true}]}}