{"id":38380,"date":"2023-12-11T01:08:00","date_gmt":"2023-12-11T01:08:00","guid":{"rendered":"http:\/\/lahora.mx\/?p=38380"},"modified":"2023-12-11T01:08:01","modified_gmt":"2023-12-11T01:08:01","slug":"alejandro-armenta-toma-protesta-a-comites-de-la-sierra-norte-de-puebla","status":"publish","type":"post","link":"https:\/\/lahora.mx\/index.php\/2023\/12\/11\/alejandro-armenta-toma-protesta-a-comites-de-la-sierra-norte-de-puebla\/","title":{"rendered":"Alejandro Armenta toma protesta a comit\u00e9s de la Sierra Norte de Puebla"},"content":{"rendered":"\n<p>El coordinador estatal de la Defensa de la 4T, Alejandro Armenta, fortaleci\u00f3 su estructura a dos semanas de que inicien las precampa\u00f1as, al sumar militantes de los partidos aliados en la Sierra Norte de Puebla.<\/p>\n\n\n\n<p>Durante su recorrido para encontrarse con las estructuras, se\u00f1al\u00f3: \u201cEl enemigo del pueblo es la pobreza, la marginaci\u00f3n y falta de servicios, es contra eso que tenemos que luchar, contra la corrupci\u00f3n, el abuso del poder y la inseguridad\u201d, y tom\u00f3 protesta a m\u00e1s de 3 mil integrantes de los Comit\u00e9s de la Sierra Norte.<\/p>\n\n\n\n<p>Reiter\u00f3 que es necesario seguir el ejemplo de la precandidata \u00fanica presidencial de Morena, Claudia Sheinbaum, en el sentido de consolidar la unidad en esta \u201cregi\u00f3n maravillosa, somos un pueblo de hombres y mujeres de trabajo, con una cultura llena de principios morales como dice nuestro presidente Andr\u00e9s Manuel L\u00f3pez Obrador, porque somos un pueblo que ha luchado, un estado pluri\u00e9tnico y cosmopolita que construye el triunfo del sue\u00f1o mexicano a trav\u00e9s de la soberan\u00eda energ\u00e9tica y ferroviaria\u201d.<\/p>\n\n\n\n<p>Acompa\u00f1ado de la dirigente estatal de Morena, Olga Romero Garci-Crespo; el presidente del Consejo Estatal, Andr\u00e9s Villegas; la representante del PT, Liz S\u00e1nchez y Dafne Gaspar, representante de los j\u00f3venes; adem\u00e1s de la titular de la secci\u00f3n \u00abQui\u00e9n es qui\u00e9n en las mentiras\u00bb del gobierno federal, Liz Vilchis, Alejandro Armenta indic\u00f3 a los presentes que ha caminado los mercados de Puebla \u201cde Tetela de Ocampo, Aquixtla, Ahuacatl\u00e1n, Zautla, yo crec\u00ed en el de Acatzingo y ah\u00ed compartimos aromas, sabores, artesan\u00eda y el amor a Puebla\u201d.<\/p>\n\n\n\n<p>Record\u00f3 que el Tren Interoce\u00e1nico pondr\u00e1 a M\u00e9xico y Puebla en la puerta del desarrollo \u201cque nos merecemos, por eso ahora lo m\u00e1s importante es que los comit\u00e9s a los que acabamos de tomar protesta se encarguen de defender la 4T, ya lo he se\u00f1alado, es muy sencillo defender al presidente L\u00f3pez Obrador, porque antes de su llegada hab\u00eda injusticia, por ejemplo la tributaria, los bancos no pagaban impuestos y nosotros si, el predial, el IVA, pero a partir del 2018 se acabaron los privilegios, esa es la justicia tributaria de nuestro mandatario\u201d.<\/p>\n\n\n\n<p>Dando continuidad a su determinaci\u00f3n de cercan\u00eda con la gente, al t\u00e9rmino del evento realiz\u00f3 un recorrido por el Mercado Municipal de Chignahuapan, donde escuch\u00f3 a locatarios y platic\u00f3 con la poblaci\u00f3n.<\/p>\n","protected":false},"excerpt":{"rendered":"<p>El coordinador estatal de la Defensa de la 4T, Alejandro Armenta, fortaleci\u00f3 su estructura a dos semanas de que inicien las precampa\u00f1as, al sumar militantes de los partidos aliados en la Sierra Norte de Puebla. Durante su recorrido para encontrarse con las estructuras, se\u00f1al\u00f3: \u201cEl enemigo del pueblo es la pobreza, la marginaci\u00f3n y falta [&hellip;]<\/p>\n","protected":false},"author":4,"featured_media":38381,"comment_status":"open","ping_status":"open","sticky":false,"template":"","format":"standard","meta":{"om_disable_all_campaigns":false,"_monsterinsights_skip_tracking":false,"_monsterinsights_sitenote_active":false,"_monsterinsights_sitenote_note":"","_monsterinsights_sitenote_category":0,"footnotes":""},"categories":[175],"tags":[223],"class_list":["post-38380","post","type-post","status-publish","format-standard","has-post-thumbnail","hentry","category-local","tag-puebla"],"amp_enabled":true,"_links":{"self":[{"href":"https:\/\/lahora.mx\/index.php\/wp-json\/wp\/v2\/posts\/38380","targetHints":{"allow":["GET"]}}],"collection":[{"href":"https:\/\/lahora.mx\/index.php\/wp-json\/wp\/v2\/posts"}],"about":[{"href":"https:\/\/lahora.mx\/index.php\/wp-json\/wp\/v2\/types\/post"}],"author":[{"embeddable":true,"href":"https:\/\/lahora.mx\/index.php\/wp-json\/wp\/v2\/users\/4"}],"replies":[{"embeddable":true,"href":"https:\/\/lahora.mx\/index.php\/wp-json\/wp\/v2\/comments?post=38380"}],"version-history":[{"count":1,"href":"https:\/\/lahora.mx\/index.php\/wp-json\/wp\/v2\/posts\/38380\/revisions"}],"predecessor-version":[{"id":38382,"href":"https:\/\/lahora.mx\/index.php\/wp-json\/wp\/v2\/posts\/38380\/revisions\/38382"}],"wp:featuredmedia":[{"embeddable":true,"href":"https:\/\/lahora.mx\/index.php\/wp-json\/wp\/v2\/media\/38381"}],"wp:attachment":[{"href":"https:\/\/lahora.mx\/index.php\/wp-json\/wp\/v2\/media?parent=38380"}],"wp:term":[{"taxonomy":"category","embeddable":true,"href":"https:\/\/lahora.mx\/index.php\/wp-json\/wp\/v2\/categories?post=38380"},{"taxonomy":"post_tag","embeddable":true,"href":"https:\/\/lahora.mx\/index.php\/wp-json\/wp\/v2\/tags?post=38380"}],"curies":[{"name":"wp","href":"https:\/\/api.w.org\/{rel}","templated":true}]}}