{"id":38357,"date":"2023-12-10T21:03:00","date_gmt":"2023-12-10T21:03:00","guid":{"rendered":"http:\/\/lahora.mx\/?p=38357"},"modified":"2023-12-10T21:03:01","modified_gmt":"2023-12-10T21:03:01","slug":"armenta-se-reune-con-liderazgos-del-pt","status":"publish","type":"post","link":"https:\/\/lahora.mx\/index.php\/2023\/12\/10\/armenta-se-reune-con-liderazgos-del-pt\/","title":{"rendered":"Armenta se re\u00fane con liderazgos del PT"},"content":{"rendered":"\n<p>El virtual candidato de la coalici\u00f3n Seguimos Haciendo Historia a la gubernatura de Puebla, Alejandro Armenta, sostuvo un encuentro con liderazgos del Partido del Trabajo (PT), de cara al arranque de la precampa\u00f1a a la elecci\u00f3n de 2024.<\/p>\n\n\n\n<p>Armenta Mier y la exaspirante a la coordinaci\u00f3n de la defensa estatal de la Cuarta Transformaci\u00f3n, Lizeth S\u00e1nchez Garc\u00eda, compartieron en redes sociales mensajes y fotograf\u00edas alusivas al encuentro.<\/p>\n\n\n\n<p>En las fotograf\u00edas se observa la presencia del dirigente nacional del PT, Alberto Anaya Guti\u00e9rrez; y el comisionado pol\u00edtico nacional del partido, Ernesto Villarreal Cant\u00fa.<\/p>\n\n\n\n<p>Tambi\u00e9n se encuentran los integrantes de la bancada del Partido del Trabajo en el Congreso de Puebla, encabezada por el diputado local, Antonio L\u00f3pez Ruiz.<\/p>\n\n\n\n<p>\u00abAgradezco a la gran familia del @PTPueblaOficial por la invitaci\u00f3n y el respaldo que me han brindado en la gran encomienda para defender a la #4T\u00bb, escribi\u00f3 Armenta Mier en su cuenta de X.<\/p>\n\n\n\n<p>El senador ser\u00e1 respaldado tambi\u00e9n por el Partido Verde Ecologista de M\u00e9xico (PVEM), el Partido Nueva Alianza (Panal) y Fuerza por M\u00e9xico (FxM) en su b\u00fasqueda de convertirse en gobernador en las pr\u00f3ximas elecciones.<\/p>\n\n\n\n<p>Sin embargo, la megacoalici\u00f3n no ha definido si repetir\u00e1 la f\u00f3rmula para las presidencias municipales, las diputaciones locales y las regidur\u00edas.<\/p>\n","protected":false},"excerpt":{"rendered":"<p>El virtual candidato de la coalici\u00f3n Seguimos Haciendo Historia a la gubernatura de Puebla, Alejandro Armenta, sostuvo un encuentro con liderazgos del Partido del Trabajo (PT), de cara al arranque de la precampa\u00f1a a la elecci\u00f3n de 2024. Armenta Mier y la exaspirante a la coordinaci\u00f3n de la defensa estatal de la Cuarta Transformaci\u00f3n, Lizeth [&hellip;]<\/p>\n","protected":false},"author":4,"featured_media":38358,"comment_status":"open","ping_status":"open","sticky":false,"template":"","format":"standard","meta":{"om_disable_all_campaigns":false,"_monsterinsights_skip_tracking":false,"_monsterinsights_sitenote_active":false,"_monsterinsights_sitenote_note":"","_monsterinsights_sitenote_category":0,"footnotes":""},"categories":[175],"tags":[223],"class_list":["post-38357","post","type-post","status-publish","format-standard","has-post-thumbnail","hentry","category-local","tag-puebla"],"amp_enabled":true,"_links":{"self":[{"href":"https:\/\/lahora.mx\/index.php\/wp-json\/wp\/v2\/posts\/38357","targetHints":{"allow":["GET"]}}],"collection":[{"href":"https:\/\/lahora.mx\/index.php\/wp-json\/wp\/v2\/posts"}],"about":[{"href":"https:\/\/lahora.mx\/index.php\/wp-json\/wp\/v2\/types\/post"}],"author":[{"embeddable":true,"href":"https:\/\/lahora.mx\/index.php\/wp-json\/wp\/v2\/users\/4"}],"replies":[{"embeddable":true,"href":"https:\/\/lahora.mx\/index.php\/wp-json\/wp\/v2\/comments?post=38357"}],"version-history":[{"count":1,"href":"https:\/\/lahora.mx\/index.php\/wp-json\/wp\/v2\/posts\/38357\/revisions"}],"predecessor-version":[{"id":38359,"href":"https:\/\/lahora.mx\/index.php\/wp-json\/wp\/v2\/posts\/38357\/revisions\/38359"}],"wp:featuredmedia":[{"embeddable":true,"href":"https:\/\/lahora.mx\/index.php\/wp-json\/wp\/v2\/media\/38358"}],"wp:attachment":[{"href":"https:\/\/lahora.mx\/index.php\/wp-json\/wp\/v2\/media?parent=38357"}],"wp:term":[{"taxonomy":"category","embeddable":true,"href":"https:\/\/lahora.mx\/index.php\/wp-json\/wp\/v2\/categories?post=38357"},{"taxonomy":"post_tag","embeddable":true,"href":"https:\/\/lahora.mx\/index.php\/wp-json\/wp\/v2\/tags?post=38357"}],"curies":[{"name":"wp","href":"https:\/\/api.w.org\/{rel}","templated":true}]}}