{"id":38326,"date":"2023-12-09T00:07:32","date_gmt":"2023-12-09T00:07:32","guid":{"rendered":"http:\/\/lahora.mx\/?p=38326"},"modified":"2023-12-09T00:07:32","modified_gmt":"2023-12-09T00:07:32","slug":"pone-en-marcha-la-policia-de-huamantla-operativo-con-motivo-de-aldea-magica-2023","status":"publish","type":"post","link":"https:\/\/lahora.mx\/index.php\/2023\/12\/09\/pone-en-marcha-la-policia-de-huamantla-operativo-con-motivo-de-aldea-magica-2023\/","title":{"rendered":"Pone en marcha la polic\u00eda de Huamantla operativo con motivo de Aldea M\u00e1gica 2023"},"content":{"rendered":"\n<p>Con la finalidad de garantizar la seguridad f\u00edsica de las personas y preservar su patrimonio, el Ayuntamiento de Huamantla que preside Salvador Santos Cedillo, a trav\u00e9s de la Direcci\u00f3n de Seguridad P\u00fablica Municipal, puso en marcha un operativo de seguridad y vigilancia que inici\u00f3 el pasado 6 de diciembre y terminar\u00e1 el 7 de enero del 2024.<\/p>\n\n\n\n<p>La autoridad municipal inform\u00f3 que el despliegue policiaco consistir\u00e1 en realizar recorridos de prevenci\u00f3n y vigilancia a pie tierra, as\u00ed como en unidades vehiculares, tanto en las inmediaciones de la cabecera municipal como en las 39 comunidades, a efecto de inhibir la comisi\u00f3n de los delitos, faltas administrativas y reducir los riesgos del uso indebido de pirotecnia, con el apoyo del personal de la Coordinaci\u00f3n de Protecci\u00f3n Civil de Huamantla.<\/p>\n\n\n\n<p>En estas acciones se han desplegado a m\u00e1s de 150 elementos policiacos, 12 de Protecci\u00f3n Civil, 3 moto patrullas, 22 unidades vehiculares, 22 elementos de vialidad, 6 elementos en monitoreo y una ambulancia; as\u00ed como la participaci\u00f3n de otras instancias estatales con las que se trabaja en coordinaci\u00f3n, como Bomberos y Cruz Roja Mexicana.<br>Para reportar o solicitar apoyo a la Direcci\u00f3n de Seguridad P\u00fablica de Huamantla, la poblaci\u00f3n puede marcar a los n\u00fameros de emergencia (246) 980-15-43, (800) 953-98-85, (246) 465-20-50 y (247) 472-28-65, que funcionan las 24 horas del d\u00eda de lunes a domingo.<\/p>\n","protected":false},"excerpt":{"rendered":"<p>Con la finalidad de garantizar la seguridad f\u00edsica de las personas y preservar su patrimonio, el Ayuntamiento de Huamantla que preside Salvador Santos Cedillo, a trav\u00e9s de la Direcci\u00f3n de Seguridad P\u00fablica Municipal, puso en marcha un operativo de seguridad y vigilancia que inici\u00f3 el pasado 6 de diciembre y terminar\u00e1 el 7 de enero [&hellip;]<\/p>\n","protected":false},"author":4,"featured_media":38327,"comment_status":"open","ping_status":"open","sticky":false,"template":"","format":"standard","meta":{"om_disable_all_campaigns":false,"_monsterinsights_skip_tracking":false,"_monsterinsights_sitenote_active":false,"_monsterinsights_sitenote_note":"","_monsterinsights_sitenote_category":0,"footnotes":""},"categories":[175],"tags":[223,210],"class_list":["post-38326","post","type-post","status-publish","format-standard","has-post-thumbnail","hentry","category-local","tag-puebla","tag-tlaxcala"],"amp_enabled":true,"_links":{"self":[{"href":"https:\/\/lahora.mx\/index.php\/wp-json\/wp\/v2\/posts\/38326","targetHints":{"allow":["GET"]}}],"collection":[{"href":"https:\/\/lahora.mx\/index.php\/wp-json\/wp\/v2\/posts"}],"about":[{"href":"https:\/\/lahora.mx\/index.php\/wp-json\/wp\/v2\/types\/post"}],"author":[{"embeddable":true,"href":"https:\/\/lahora.mx\/index.php\/wp-json\/wp\/v2\/users\/4"}],"replies":[{"embeddable":true,"href":"https:\/\/lahora.mx\/index.php\/wp-json\/wp\/v2\/comments?post=38326"}],"version-history":[{"count":1,"href":"https:\/\/lahora.mx\/index.php\/wp-json\/wp\/v2\/posts\/38326\/revisions"}],"predecessor-version":[{"id":38328,"href":"https:\/\/lahora.mx\/index.php\/wp-json\/wp\/v2\/posts\/38326\/revisions\/38328"}],"wp:featuredmedia":[{"embeddable":true,"href":"https:\/\/lahora.mx\/index.php\/wp-json\/wp\/v2\/media\/38327"}],"wp:attachment":[{"href":"https:\/\/lahora.mx\/index.php\/wp-json\/wp\/v2\/media?parent=38326"}],"wp:term":[{"taxonomy":"category","embeddable":true,"href":"https:\/\/lahora.mx\/index.php\/wp-json\/wp\/v2\/categories?post=38326"},{"taxonomy":"post_tag","embeddable":true,"href":"https:\/\/lahora.mx\/index.php\/wp-json\/wp\/v2\/tags?post=38326"}],"curies":[{"name":"wp","href":"https:\/\/api.w.org\/{rel}","templated":true}]}}