{"id":38323,"date":"2023-12-08T23:54:58","date_gmt":"2023-12-08T23:54:58","guid":{"rendered":"http:\/\/lahora.mx\/?p=38323"},"modified":"2023-12-08T23:54:58","modified_gmt":"2023-12-08T23:54:58","slug":"obras-y-acciones-continuaran-en-2024-menciona-la-gobernadora-lorena-cuellar","status":"publish","type":"post","link":"https:\/\/lahora.mx\/index.php\/2023\/12\/08\/obras-y-acciones-continuaran-en-2024-menciona-la-gobernadora-lorena-cuellar\/","title":{"rendered":"Obras y acciones continuar\u00e1n en 2024 menciona la gobernadora Lorena Cu\u00e9llar"},"content":{"rendered":"\n<p>En tan solo dos a\u00f1os de gesti\u00f3n ha sido consolidada la mayor parte de las acciones y estrategias plasmadas en el Plan Estatal de Desarrollo 2021-2027, pero eso no significa que para el siguiente a\u00f1o se detendr\u00e1 el desarrollo econ\u00f3mico, sostiene la gobernadora Lorena Cu\u00e9llar Cisneros.<\/p>\n\n\n\n<p>En entrevista con M\u00e1ximo Hern\u00e1ndez Cervantes, director de El Sol de Tlaxcala, con motivo de su Segundo Informe de Gobierno, la mandataria asegura que todo lo logrado en dos a\u00f1os, y de forma particular en 2023, ser\u00e1 superado y mejorado.<br>Desde Casa de Gobierno, informa que de los 300 compromisos instaurados en el documento rector de su administraci\u00f3n, existe un avance de 266 entre proyectos y estrategias iniciadas, terminadas y puestas en marcha, lo que practicante refleja un avance superior al 80 %.<\/p>\n\n\n\n<p>Sin cambios a la propuesta del Ejecutivo, aprueban diputados el Presupuesto de Egresos 2024<br>Sin embargo, afirma que eso no significa que para los a\u00f1os subsecuentes ya no haya nada que hacer o por cumplir, sino todo lo contrario, implica detonar m\u00e1s obras, crear e impulsar m\u00e1s programas y aplicar m\u00e1s estrategias en aquellos rubros que sean necesarios.<\/p>\n\n\n\n<p>Cuestionada sobre acciones no incluidas en el Plan Estatal de Desarrollo, pero ejecutadas en este a\u00f1o, Cu\u00e9llar Cisneros explica que decidi\u00f3 no plasmarlas y ser muy cuidadosa de no aventurarse a prometer algo que no estaba segura si pod\u00eda consumar, pues Tlaxcala es el estado del pa\u00eds que menor presupuesto recibe por parte de la Federaci\u00f3n.<\/p>\n\n\n\n<p><\/p>\n","protected":false},"excerpt":{"rendered":"<p>En tan solo dos a\u00f1os de gesti\u00f3n ha sido consolidada la mayor parte de las acciones y estrategias plasmadas en el Plan Estatal de Desarrollo 2021-2027, pero eso no significa que para el siguiente a\u00f1o se detendr\u00e1 el desarrollo econ\u00f3mico, sostiene la gobernadora Lorena Cu\u00e9llar Cisneros. En entrevista con M\u00e1ximo Hern\u00e1ndez Cervantes, director de El [&hellip;]<\/p>\n","protected":false},"author":4,"featured_media":38324,"comment_status":"open","ping_status":"open","sticky":false,"template":"","format":"standard","meta":{"om_disable_all_campaigns":false,"_monsterinsights_skip_tracking":false,"_monsterinsights_sitenote_active":false,"_monsterinsights_sitenote_note":"","_monsterinsights_sitenote_category":0,"footnotes":""},"categories":[175],"tags":[223,210],"class_list":["post-38323","post","type-post","status-publish","format-standard","has-post-thumbnail","hentry","category-local","tag-puebla","tag-tlaxcala"],"amp_enabled":true,"_links":{"self":[{"href":"https:\/\/lahora.mx\/index.php\/wp-json\/wp\/v2\/posts\/38323","targetHints":{"allow":["GET"]}}],"collection":[{"href":"https:\/\/lahora.mx\/index.php\/wp-json\/wp\/v2\/posts"}],"about":[{"href":"https:\/\/lahora.mx\/index.php\/wp-json\/wp\/v2\/types\/post"}],"author":[{"embeddable":true,"href":"https:\/\/lahora.mx\/index.php\/wp-json\/wp\/v2\/users\/4"}],"replies":[{"embeddable":true,"href":"https:\/\/lahora.mx\/index.php\/wp-json\/wp\/v2\/comments?post=38323"}],"version-history":[{"count":1,"href":"https:\/\/lahora.mx\/index.php\/wp-json\/wp\/v2\/posts\/38323\/revisions"}],"predecessor-version":[{"id":38325,"href":"https:\/\/lahora.mx\/index.php\/wp-json\/wp\/v2\/posts\/38323\/revisions\/38325"}],"wp:featuredmedia":[{"embeddable":true,"href":"https:\/\/lahora.mx\/index.php\/wp-json\/wp\/v2\/media\/38324"}],"wp:attachment":[{"href":"https:\/\/lahora.mx\/index.php\/wp-json\/wp\/v2\/media?parent=38323"}],"wp:term":[{"taxonomy":"category","embeddable":true,"href":"https:\/\/lahora.mx\/index.php\/wp-json\/wp\/v2\/categories?post=38323"},{"taxonomy":"post_tag","embeddable":true,"href":"https:\/\/lahora.mx\/index.php\/wp-json\/wp\/v2\/tags?post=38323"}],"curies":[{"name":"wp","href":"https:\/\/api.w.org\/{rel}","templated":true}]}}