{"id":38320,"date":"2023-12-08T23:47:40","date_gmt":"2023-12-08T23:47:40","guid":{"rendered":"http:\/\/lahora.mx\/?p=38320"},"modified":"2023-12-08T23:47:41","modified_gmt":"2023-12-08T23:47:41","slug":"rinde-la-gobernadora-lorena-cuellar-cuentas-a-la-ciudadania-en-su-segundo-informe-de-gobierno","status":"publish","type":"post","link":"https:\/\/lahora.mx\/index.php\/2023\/12\/08\/rinde-la-gobernadora-lorena-cuellar-cuentas-a-la-ciudadania-en-su-segundo-informe-de-gobierno\/","title":{"rendered":"Rinde la gobernadora Lorena Cu\u00e9llar cuentas a la ciudadan\u00eda en su Segundo Informe de Gobierno"},"content":{"rendered":"\n<p>Este viernes ocho de diciembre, la gobernadora de Tlaxcala Lorena Cu\u00e9llar Cisneros inform\u00f3 a la ciudadan\u00eda sobre el estado que guarda la entidad a poco m\u00e1s de dos a\u00f1os de administraci\u00f3n.<\/p>\n\n\n\n<p>Desde el Centro de Convenciones, en la capital del estado, la mandataria estatal asever\u00f3 que a todos los hogares tlaxcaltecas ha llegado por lo menos un apoyo social y que los cerca de dos mil millones de pesos invertidos en obra p\u00fablica han llegado a los 60 municipios del estado, sin importar el instituto pol\u00edtico que gobierne.<\/p>\n\n\n\n<p>Acompa\u00f1ada de Luisa Mar\u00eda Alcalde Luj\u00e1n, secretaria de Gobernaci\u00f3n y de Sergio Salom\u00f3n C\u00e9spedes Peregrina, gobernador de Puebla, indic\u00f3 que todo el trabajo realizado desde que asumi\u00f3 el cargo como gobernadora permite la transformaci\u00f3n de Tlaxcala y acerca bienestar a todos sus pobladores.<\/p>\n\n\n\n<p>Durante su Segundo Informe de Gobierno correspondiente al ejercicio fiscal 2023, destac\u00f3 el desarrollo econ\u00f3mico que ha alcanzado Tlaxcala, al indicar que tiene que ver con la celebraci\u00f3n de eventos de \u00edndole mundial y el que Tlaxcala actualmente se ha considerada la entidad m\u00e1s segura del pa\u00eds.<\/p>\n\n\n\n<p>Arropada por su familia, integrantes de su gabinete, diputados locales, presidentes municipales y representantes de todos los sectores de la sociedad, resalt\u00f3 la infraestructura en materia de salud puesta en marcha este a\u00f1o y que adem\u00e1s de bajar la mortalidad en la incidencia de enfermedades como el c\u00e1ncer de mama, evita que las personas tengan que trasladarse a otras entidades para recibir ciertos servicios de especialidad.<\/p>\n\n\n\n<p>Habl\u00f3 tambi\u00e9n del proyecto de la Ciudad de la Seguridad, donde adem\u00e1s del Centro de Control, Comando, Comunicaciones, C\u00f3mputo, Coordinaci\u00f3n e Inteligencia, son construidas fiscal\u00edas especializadas y las instalaciones de la Secretar\u00eda de Seguridad Ciudadana que contar\u00e1 con una Escuela de Polic\u00eda.<\/p>\n\n\n\n<p>En el informe, Cu\u00e9llar Cisneros dio cuenta del impulso y apoyo otorgado al campo, de las estrategias ejecutadas para garantizar a los tlaxcaltecas un medioambiente limpio, y de la misma forma sobre la dispersi\u00f3n de recursos p\u00fablicos para mejorar la calidad de vida de personas en situaci\u00f3n de vulnerabilidad, como el acercar servicios b\u00e1sicos como agua potable y electricidad.<\/p>\n\n\n\n<p>En materia de Educaci\u00f3n habl\u00f3 sobre el nacimiento de los bachilleratos estatales que pusieron fin a una problem\u00e1tica a\u00f1eja en la que estudiantes del nivel medio superior ten\u00edan que pagar a los docentes y buscar espacios para poder estudiar. Asimismo, enlist\u00f3 a la nueva Licenciatura de M\u00fasica y la apertura de la Universidad Intercultural.<\/p>\n\n\n\n<p>Record\u00f3 que en breve inaugurar\u00e1n el Parque Zahuapan y el Albergue para Familiares de Pacientes Hospitalizados, que se sumar\u00e1n a la llamada Ciudad de la Inclusi\u00f3n, a la cl\u00ednica de Hemodinamia, al Albergue para Migrantes y a otras obras de alto impacto que contribuyen al desarrollo del estado, como la Ciudad Aministrativa, cuya construcci\u00f3n est\u00e1 en marcha.<\/p>\n\n\n\n<p>La titular del Ejecutivo local afirm\u00f3 que todas estas acciones y estrategias significan solo el comienzo de la transformaci\u00f3n que vivir\u00e1 Tlaxcala, por lo que adelant\u00f3 que el pr\u00f3ximo a\u00f1o habr\u00e1 m\u00e1s estrategias, acciones y programas.<\/p>\n","protected":false},"excerpt":{"rendered":"<p>Este viernes ocho de diciembre, la gobernadora de Tlaxcala Lorena Cu\u00e9llar Cisneros inform\u00f3 a la ciudadan\u00eda sobre el estado que guarda la entidad a poco m\u00e1s de dos a\u00f1os de administraci\u00f3n. Desde el Centro de Convenciones, en la capital del estado, la mandataria estatal asever\u00f3 que a todos los hogares tlaxcaltecas ha llegado por lo [&hellip;]<\/p>\n","protected":false},"author":4,"featured_media":38321,"comment_status":"open","ping_status":"open","sticky":false,"template":"","format":"standard","meta":{"om_disable_all_campaigns":false,"_monsterinsights_skip_tracking":false,"_monsterinsights_sitenote_active":false,"_monsterinsights_sitenote_note":"","_monsterinsights_sitenote_category":0,"footnotes":""},"categories":[175],"tags":[223,210],"class_list":["post-38320","post","type-post","status-publish","format-standard","has-post-thumbnail","hentry","category-local","tag-puebla","tag-tlaxcala"],"amp_enabled":true,"_links":{"self":[{"href":"https:\/\/lahora.mx\/index.php\/wp-json\/wp\/v2\/posts\/38320","targetHints":{"allow":["GET"]}}],"collection":[{"href":"https:\/\/lahora.mx\/index.php\/wp-json\/wp\/v2\/posts"}],"about":[{"href":"https:\/\/lahora.mx\/index.php\/wp-json\/wp\/v2\/types\/post"}],"author":[{"embeddable":true,"href":"https:\/\/lahora.mx\/index.php\/wp-json\/wp\/v2\/users\/4"}],"replies":[{"embeddable":true,"href":"https:\/\/lahora.mx\/index.php\/wp-json\/wp\/v2\/comments?post=38320"}],"version-history":[{"count":1,"href":"https:\/\/lahora.mx\/index.php\/wp-json\/wp\/v2\/posts\/38320\/revisions"}],"predecessor-version":[{"id":38322,"href":"https:\/\/lahora.mx\/index.php\/wp-json\/wp\/v2\/posts\/38320\/revisions\/38322"}],"wp:featuredmedia":[{"embeddable":true,"href":"https:\/\/lahora.mx\/index.php\/wp-json\/wp\/v2\/media\/38321"}],"wp:attachment":[{"href":"https:\/\/lahora.mx\/index.php\/wp-json\/wp\/v2\/media?parent=38320"}],"wp:term":[{"taxonomy":"category","embeddable":true,"href":"https:\/\/lahora.mx\/index.php\/wp-json\/wp\/v2\/categories?post=38320"},{"taxonomy":"post_tag","embeddable":true,"href":"https:\/\/lahora.mx\/index.php\/wp-json\/wp\/v2\/tags?post=38320"}],"curies":[{"name":"wp","href":"https:\/\/api.w.org\/{rel}","templated":true}]}}