{"id":38317,"date":"2023-12-08T23:43:20","date_gmt":"2023-12-08T23:43:20","guid":{"rendered":"http:\/\/lahora.mx\/?p=38317"},"modified":"2023-12-08T23:43:21","modified_gmt":"2023-12-08T23:43:21","slug":"supervisa-el-gobernador-sergio-salomon-la-construccion-de-unidad-de-oftalmologia","status":"publish","type":"post","link":"https:\/\/lahora.mx\/index.php\/2023\/12\/08\/supervisa-el-gobernador-sergio-salomon-la-construccion-de-unidad-de-oftalmologia\/","title":{"rendered":"Supervisa el gobernador Sergio Salom\u00f3n la construcci\u00f3n de Unidad de Oftalmolog\u00eda"},"content":{"rendered":"\n<p>El gobernador de Puebla, Sergio Salom\u00f3n C\u00e9spedes Peregrina, supervis\u00f3 la construcci\u00f3n de la Unidad de Oftalmolog\u00eda del Hospital General de Cholula, que se realiza con recursos federales del IMSS-Bienestar.<\/p>\n\n\n\n<p>\u201cPronto estar\u00e1 lista para atender a las familias que m\u00e1s lo requieren. La salud es lo primero y nos aseguraremos de que sea un servicio de calidad\u201d, dijo el mandatario poblano.<\/p>\n\n\n\n<p>Resalt\u00f3 que las autoridades federales y estatales suman recursos para fortalecer la infraestructura hospitalaria en territorio poblano.<\/p>\n\n\n\n<p>De acuerdo con el convenio publicado en el Diario Oficial de la Federaci\u00f3n (DOF) del 31 de octubre, el Gobierno de Puebla es el responsable de vigilar que se alcancen las metas del proyecto.<\/p>\n\n\n\n<p>La Unidad de Oftalmolog\u00eda tendr\u00e1 una inversi\u00f3n de 120 millones de pesos y contar\u00e1 con seis consultorios, centro de esterilizaci\u00f3n y equipo, tres quir\u00f3fanos para cirug\u00edas ambulatorias, \u00e1reas de recuperaci\u00f3n y servicios.<\/p>\n\n\n\n<p>Adem\u00e1s, se rehabilita la planta de tratamiento del nosocomio y se hacen mejoras en el estacionamiento, se dio a conocer a trav\u00e9s de un comunicado de prensa.<\/p>\n\n\n\n<p>Durante su recorrido, el titular del Poder Ejecutivo del Estado estuvo acompa\u00f1ado por el secretario de Infraestructura, Luis Roberto Tenorio Garc\u00eda, y el presidente municipal de San Andr\u00e9s Cholula, Edmundo Tlatehui Percino.<\/p>\n\n\n\n<p>El 10 de octubre de este a\u00f1o, Sergio Salom\u00f3n firm\u00f3 el convenio para oficializar la incorporaci\u00f3n del sistema de salud de Puebla al programa IMSS-Bienestar.<\/p>\n","protected":false},"excerpt":{"rendered":"<p>El gobernador de Puebla, Sergio Salom\u00f3n C\u00e9spedes Peregrina, supervis\u00f3 la construcci\u00f3n de la Unidad de Oftalmolog\u00eda del Hospital General de Cholula, que se realiza con recursos federales del IMSS-Bienestar. \u201cPronto estar\u00e1 lista para atender a las familias que m\u00e1s lo requieren. La salud es lo primero y nos aseguraremos de que sea un servicio de [&hellip;]<\/p>\n","protected":false},"author":4,"featured_media":38318,"comment_status":"open","ping_status":"open","sticky":false,"template":"","format":"standard","meta":{"om_disable_all_campaigns":false,"_monsterinsights_skip_tracking":false,"_monsterinsights_sitenote_active":false,"_monsterinsights_sitenote_note":"","_monsterinsights_sitenote_category":0,"footnotes":""},"categories":[175],"tags":[223],"class_list":["post-38317","post","type-post","status-publish","format-standard","has-post-thumbnail","hentry","category-local","tag-puebla"],"amp_enabled":true,"_links":{"self":[{"href":"https:\/\/lahora.mx\/index.php\/wp-json\/wp\/v2\/posts\/38317","targetHints":{"allow":["GET"]}}],"collection":[{"href":"https:\/\/lahora.mx\/index.php\/wp-json\/wp\/v2\/posts"}],"about":[{"href":"https:\/\/lahora.mx\/index.php\/wp-json\/wp\/v2\/types\/post"}],"author":[{"embeddable":true,"href":"https:\/\/lahora.mx\/index.php\/wp-json\/wp\/v2\/users\/4"}],"replies":[{"embeddable":true,"href":"https:\/\/lahora.mx\/index.php\/wp-json\/wp\/v2\/comments?post=38317"}],"version-history":[{"count":1,"href":"https:\/\/lahora.mx\/index.php\/wp-json\/wp\/v2\/posts\/38317\/revisions"}],"predecessor-version":[{"id":38319,"href":"https:\/\/lahora.mx\/index.php\/wp-json\/wp\/v2\/posts\/38317\/revisions\/38319"}],"wp:featuredmedia":[{"embeddable":true,"href":"https:\/\/lahora.mx\/index.php\/wp-json\/wp\/v2\/media\/38318"}],"wp:attachment":[{"href":"https:\/\/lahora.mx\/index.php\/wp-json\/wp\/v2\/media?parent=38317"}],"wp:term":[{"taxonomy":"category","embeddable":true,"href":"https:\/\/lahora.mx\/index.php\/wp-json\/wp\/v2\/categories?post=38317"},{"taxonomy":"post_tag","embeddable":true,"href":"https:\/\/lahora.mx\/index.php\/wp-json\/wp\/v2\/tags?post=38317"}],"curies":[{"name":"wp","href":"https:\/\/api.w.org\/{rel}","templated":true}]}}