{"id":38275,"date":"2023-12-08T03:48:45","date_gmt":"2023-12-08T03:48:45","guid":{"rendered":"http:\/\/lahora.mx\/?p=38275"},"modified":"2023-12-08T03:48:45","modified_gmt":"2023-12-08T03:48:45","slug":"morena-pt-pvem-panal-y-fxm-unen-fuerza-para-2024","status":"publish","type":"post","link":"https:\/\/lahora.mx\/index.php\/2023\/12\/08\/morena-pt-pvem-panal-y-fxm-unen-fuerza-para-2024\/","title":{"rendered":"Morena, PT, PVEM, PANAL y FxM unen fuerza para 2024"},"content":{"rendered":"\n<p>Seguimos Haciendo Historia en Puebla, integrada por Morena, el Partido del Trabajo (PT) y el Verde Ecologista de M\u00e9xico (PVEM) sumar\u00e1n a su movimiento al Partido Nueva Alianza (PANAL) y a Fuerza por M\u00e9xico (FxM) para la elecci\u00f3n a la gubernatura en 2024.<\/p>\n\n\n\n<p>La megacoalici\u00f3n no est\u00e1 cerrada, ya que la firma de la misma se realizar\u00e1 a m\u00e1s tardar el 19 de diciembre, por lo que el partido Pacto Social de Integraci\u00f3n (PSI) y algunas organizaciones de la sociedad civil pueden adherirse en caso de que as\u00ed lo decidan.<\/p>\n\n\n\n<p>En rueda de prensa, los dirigentes y representantes de los partidos pol\u00edticos instalaron la Mesa Pol\u00edtica Estatal con la que afinar\u00e1n el plan de acci\u00f3n que seguir\u00e1n para cerrar filas a favor del senador Alejandro Armenta Mier.<\/p>\n\n\n\n<p>Tambi\u00e9n aseguraron que desde sus trincheras trabajar\u00e1n en los 217 municipios para lograr los m\u00e1s de 2 millones de simpat\u00edas para la precandidata \u00fanica a la presidencia de izquierda, Claudia Sheinbaum Pardo.<\/p>\n\n\n\n<p>Uni\u00f3n asegurar\u00e1 triunfo de la 4T en Puebla: Garci-Crespo<br>La presidenta del Comit\u00e9 Ejecutivo Estatal (CEE) de Morena, Olga Luc\u00eda Romero Garci-Crespo, confirm\u00f3 que la suma de voluntades garantizar\u00e1 el triunfo de la Cuarta Transformaci\u00f3n en el pr\u00f3ximo proceso electoral.<\/p>\n\n\n\n<p>En tanto, la comisionada pol\u00edtica del PT, Lizeth S\u00e1nchez Garc\u00eda, confi\u00f3 en que la coalici\u00f3n pueda ampliarse para los dem\u00e1s cargos de elecci\u00f3n popular, en especial para las diputaciones locales y federales, as\u00ed como las senadur\u00edas.<\/p>\n\n\n\n<p><\/p>\n\n\n\n<p>El dirigente estatal de PVEM, Jaime Natale Uranga, explic\u00f3 que, por ahora, la alianza entre los cinco partidos pol\u00edticos s\u00f3lo respaldar\u00e1 la postulaci\u00f3n de Alejandro Armenta Mier como precandidato \u00fanico a la gubernatura de Puebla. Posteriormente se acordar\u00e1 la forma en que competir\u00e1n por los dem\u00e1s cargos de elecci\u00f3n popular.<\/p>\n\n\n\n<p>El senador Armenta explic\u00f3 que mientras no se haga oficial el registro de la megacoalici\u00f3n ante el Instituto Nacional Electoral (INE) pueden sumarse m\u00e1s partidos, como el PSI, incluso organizaciones civiles, ya que Morena \u00abes un movimiento de puertas abiertas\u00bb.<\/p>\n\n\n\n<p>La inscripci\u00f3n de alianzas debe realizarse ante los \u00f3rganos electorales cinco d\u00edas antes de que inicie la precampa\u00f1a, por lo que se firmar\u00e1 a m\u00e1s tardar el pr\u00f3ximo martes 19 de diciembre.<\/p>\n\n\n\n<p>Morena registrar\u00e1 al coordinador de la Defensa de la 4T en Puebla, Armenta Mier, como precandidato \u00fanico a la gubernatura el 23 de diciembre. La precampa\u00f1a, de acuerdo con el INE, durar\u00e1 10 d\u00edas, del 25 de diciembre al 3 de enero de 2024.<\/p>\n","protected":false},"excerpt":{"rendered":"<p>Seguimos Haciendo Historia en Puebla, integrada por Morena, el Partido del Trabajo (PT) y el Verde Ecologista de M\u00e9xico (PVEM) sumar\u00e1n a su movimiento al Partido Nueva Alianza (PANAL) y a Fuerza por M\u00e9xico (FxM) para la elecci\u00f3n a la gubernatura en 2024. La megacoalici\u00f3n no est\u00e1 cerrada, ya que la firma de la misma [&hellip;]<\/p>\n","protected":false},"author":4,"featured_media":38276,"comment_status":"open","ping_status":"open","sticky":false,"template":"","format":"standard","meta":{"om_disable_all_campaigns":false,"_monsterinsights_skip_tracking":false,"_monsterinsights_sitenote_active":false,"_monsterinsights_sitenote_note":"","_monsterinsights_sitenote_category":0,"footnotes":""},"categories":[175],"tags":[195,223],"class_list":["post-38275","post","type-post","status-publish","format-standard","has-post-thumbnail","hentry","category-local","tag-principal","tag-puebla"],"amp_enabled":true,"_links":{"self":[{"href":"https:\/\/lahora.mx\/index.php\/wp-json\/wp\/v2\/posts\/38275","targetHints":{"allow":["GET"]}}],"collection":[{"href":"https:\/\/lahora.mx\/index.php\/wp-json\/wp\/v2\/posts"}],"about":[{"href":"https:\/\/lahora.mx\/index.php\/wp-json\/wp\/v2\/types\/post"}],"author":[{"embeddable":true,"href":"https:\/\/lahora.mx\/index.php\/wp-json\/wp\/v2\/users\/4"}],"replies":[{"embeddable":true,"href":"https:\/\/lahora.mx\/index.php\/wp-json\/wp\/v2\/comments?post=38275"}],"version-history":[{"count":1,"href":"https:\/\/lahora.mx\/index.php\/wp-json\/wp\/v2\/posts\/38275\/revisions"}],"predecessor-version":[{"id":38277,"href":"https:\/\/lahora.mx\/index.php\/wp-json\/wp\/v2\/posts\/38275\/revisions\/38277"}],"wp:featuredmedia":[{"embeddable":true,"href":"https:\/\/lahora.mx\/index.php\/wp-json\/wp\/v2\/media\/38276"}],"wp:attachment":[{"href":"https:\/\/lahora.mx\/index.php\/wp-json\/wp\/v2\/media?parent=38275"}],"wp:term":[{"taxonomy":"category","embeddable":true,"href":"https:\/\/lahora.mx\/index.php\/wp-json\/wp\/v2\/categories?post=38275"},{"taxonomy":"post_tag","embeddable":true,"href":"https:\/\/lahora.mx\/index.php\/wp-json\/wp\/v2\/tags?post=38275"}],"curies":[{"name":"wp","href":"https:\/\/api.w.org\/{rel}","templated":true}]}}