{"id":38272,"date":"2023-12-08T03:46:16","date_gmt":"2023-12-08T03:46:16","guid":{"rendered":"http:\/\/lahora.mx\/?p=38272"},"modified":"2023-12-08T03:46:17","modified_gmt":"2023-12-08T03:46:17","slug":"eduardo-rivera-dejara-de-manera-definitiva-el-ayuntamiento-para-ir-por-gubernatura","status":"publish","type":"post","link":"https:\/\/lahora.mx\/index.php\/2023\/12\/08\/eduardo-rivera-dejara-de-manera-definitiva-el-ayuntamiento-para-ir-por-gubernatura\/","title":{"rendered":"Eduardo Rivera dejar\u00e1 de manera definitiva el ayuntamiento para ir por gubernatura"},"content":{"rendered":"\n<p>El alcalde capitalino de Puebla, Eduardo Rivera P\u00e9rez anunci\u00f3 que antes del 25 de diciembre, solicitar\u00e1 licencia al cargo para separarse de manera definitiva y competir por la gubernatura del estado.<\/p>\n\n\n\n<p>A trav\u00e9s de un video publicado en su cuenta de \u201cX\u201d el edil panista se\u00f1al\u00f3 que se registrar\u00e1 en el proceso del Frente Amplio por Puebla, integrada por el PRI, PAN y PRD<\/p>\n\n\n\n<p>\u201cLa vida me ofrece, una nueva oportunidad para servirles desde esta responsabilidad, la voy a tomar. Quiero decirles que una vez que los partidos pol\u00edticos han anunciado sus procesos internos me registrar\u00e9 como aspirante\u201d, expres\u00f3.<\/p>\n\n\n\n<p>Rivera P\u00e9rez indic\u00f3 que cuando las fuerzas pol\u00edticas autoricen su registro y antes de que inicien las precampa\u00f1as pedir\u00e1 licencia al Cabildo para separarse de manera definitiva de la presidencia municipal.<\/p>\n\n\n\n<p>Se\u00f1al\u00f3 que estar\u00e1 respetando la ley y confi\u00f3 en que con la fuerza de \u201ctodo Puebla\u201d ganar\u00e1 la contienda electoral.<\/p>\n\n\n\n<p>Es de mencionar que el periodo de precampa\u00f1as electorales en Puebla se realizar\u00e1 del 25 de diciembre de 2023 al 3 de enero del 2024, es decir, que los candidatos a la gubernatura podr\u00e1n promocionarse.<\/p>\n\n\n\n<p>El mi\u00e9rcoles 6 de diciembre, durante la comida de fin de a\u00f1o, con directores de medios de comunicaci\u00f3n, en la que el presidente municipal reafirm\u00f3 su aspiraci\u00f3n por la gubernatura de Puebla.<\/p>\n\n\n\n<p>\u201cPorque voy a participar con toda la fuerza para ganar la gubernatura del estado de Puebla, no tengan la menor duda\u201d, dijo en aquel momento.<\/p>\n","protected":false},"excerpt":{"rendered":"<p>El alcalde capitalino de Puebla, Eduardo Rivera P\u00e9rez anunci\u00f3 que antes del 25 de diciembre, solicitar\u00e1 licencia al cargo para separarse de manera definitiva y competir por la gubernatura del estado. A trav\u00e9s de un video publicado en su cuenta de \u201cX\u201d el edil panista se\u00f1al\u00f3 que se registrar\u00e1 en el proceso del Frente Amplio [&hellip;]<\/p>\n","protected":false},"author":4,"featured_media":38273,"comment_status":"open","ping_status":"open","sticky":false,"template":"","format":"standard","meta":{"om_disable_all_campaigns":false,"_monsterinsights_skip_tracking":false,"_monsterinsights_sitenote_active":false,"_monsterinsights_sitenote_note":"","_monsterinsights_sitenote_category":0,"footnotes":""},"categories":[175],"tags":[195,223],"class_list":["post-38272","post","type-post","status-publish","format-standard","has-post-thumbnail","hentry","category-local","tag-principal","tag-puebla"],"amp_enabled":true,"_links":{"self":[{"href":"https:\/\/lahora.mx\/index.php\/wp-json\/wp\/v2\/posts\/38272","targetHints":{"allow":["GET"]}}],"collection":[{"href":"https:\/\/lahora.mx\/index.php\/wp-json\/wp\/v2\/posts"}],"about":[{"href":"https:\/\/lahora.mx\/index.php\/wp-json\/wp\/v2\/types\/post"}],"author":[{"embeddable":true,"href":"https:\/\/lahora.mx\/index.php\/wp-json\/wp\/v2\/users\/4"}],"replies":[{"embeddable":true,"href":"https:\/\/lahora.mx\/index.php\/wp-json\/wp\/v2\/comments?post=38272"}],"version-history":[{"count":1,"href":"https:\/\/lahora.mx\/index.php\/wp-json\/wp\/v2\/posts\/38272\/revisions"}],"predecessor-version":[{"id":38274,"href":"https:\/\/lahora.mx\/index.php\/wp-json\/wp\/v2\/posts\/38272\/revisions\/38274"}],"wp:featuredmedia":[{"embeddable":true,"href":"https:\/\/lahora.mx\/index.php\/wp-json\/wp\/v2\/media\/38273"}],"wp:attachment":[{"href":"https:\/\/lahora.mx\/index.php\/wp-json\/wp\/v2\/media?parent=38272"}],"wp:term":[{"taxonomy":"category","embeddable":true,"href":"https:\/\/lahora.mx\/index.php\/wp-json\/wp\/v2\/categories?post=38272"},{"taxonomy":"post_tag","embeddable":true,"href":"https:\/\/lahora.mx\/index.php\/wp-json\/wp\/v2\/tags?post=38272"}],"curies":[{"name":"wp","href":"https:\/\/api.w.org\/{rel}","templated":true}]}}