{"id":38266,"date":"2023-12-08T03:37:31","date_gmt":"2023-12-08T03:37:31","guid":{"rendered":"http:\/\/lahora.mx\/?p=38266"},"modified":"2023-12-08T03:37:32","modified_gmt":"2023-12-08T03:37:32","slug":"firman-puebla-y-tlaxcala-convenio-contra-tala-ilegal-en-la-malinche","status":"publish","type":"post","link":"https:\/\/lahora.mx\/index.php\/2023\/12\/08\/firman-puebla-y-tlaxcala-convenio-contra-tala-ilegal-en-la-malinche\/","title":{"rendered":"Firman Puebla y Tlaxcala convenio contra tala ilegal en La Malinche"},"content":{"rendered":"\n<p>Los gobiernos de Puebla y Tlaxcala, adem\u00e1s de la Secretar\u00eda de Medio Ambiente y Recursos Naturales (Semarnat), firmaron un convenio para erradicar y prevenir la tala ilegal y delitos relacionados en el parque nacional monta\u00f1a Malinche o Matlalcu\u00e9yatl.<\/p>\n\n\n\n<p>El titular del Poder Ejecutivo del Estado de Puebla, Sergio Salom\u00f3n C\u00e9spedes Peregrina, destac\u00f3 que la presencia de los tres niveles de gobierno en este acuerdo, ayudar\u00e1 a que la tala clandestina sea erradicada.<\/p>\n\n\n\n<p>Durante su discurso tambi\u00e9n reconoci\u00f3 el esfuerzo de la gente que cuida los bosques, y resalt\u00f3 que muchas veces arriesgan su vida en el cumplimiento de su deber.<\/p>\n\n\n\n<p>Record\u00f3 que la tala ilegal afecta a la naturaleza y pone en peligro la seguridad y el bienestar de los habitantes de comunidades cercanas a la monta\u00f1a.<\/p>\n\n\n\n<p>Por su parte, la titular de la Semarnat, Mar\u00eda Luisa Albores Gonz\u00e1lez, record\u00f3 que la monta\u00f1a Malinche fue una de las primeras cinco \u00e1reas naturales protegidas creadas en 1938 por el entonces presidente L\u00e1zaro C\u00e1rdenas del R\u00edo.<\/p>\n\n\n\n<p>Explic\u00f3 que el problema de la tala ilegal en el pa\u00eds ocasiona que cada a\u00f1o se pierdan entre 212 mil y 222 mil hect\u00e1reas de bosques.<\/p>\n\n\n\n<p>Por lo anterior, la funcionaria federal consider\u00f3 que el convenio firmado por Puebla y Tlaxcala es un mensaje para que el resto del pa\u00eds tambi\u00e9n combata el delito.<\/p>\n\n\n\n<p>En su intervenci\u00f3n la gobernadora de Tlaxcala, Lorena Cu\u00e9llar Cisneros, dijo que desde hace 20 a\u00f1os no se tomaban acciones de este tipo, y expres\u00f3 que el cuidado de la naturaleza es una tarea de todos los sectores de la sociedad.<\/p>\n","protected":false},"excerpt":{"rendered":"<p>Los gobiernos de Puebla y Tlaxcala, adem\u00e1s de la Secretar\u00eda de Medio Ambiente y Recursos Naturales (Semarnat), firmaron un convenio para erradicar y prevenir la tala ilegal y delitos relacionados en el parque nacional monta\u00f1a Malinche o Matlalcu\u00e9yatl. El titular del Poder Ejecutivo del Estado de Puebla, Sergio Salom\u00f3n C\u00e9spedes Peregrina, destac\u00f3 que la presencia [&hellip;]<\/p>\n","protected":false},"author":4,"featured_media":38267,"comment_status":"open","ping_status":"open","sticky":false,"template":"","format":"standard","meta":{"om_disable_all_campaigns":false,"_monsterinsights_skip_tracking":false,"_monsterinsights_sitenote_active":false,"_monsterinsights_sitenote_note":"","_monsterinsights_sitenote_category":0,"footnotes":""},"categories":[175],"tags":[223,210],"class_list":["post-38266","post","type-post","status-publish","format-standard","has-post-thumbnail","hentry","category-local","tag-puebla","tag-tlaxcala"],"amp_enabled":true,"_links":{"self":[{"href":"https:\/\/lahora.mx\/index.php\/wp-json\/wp\/v2\/posts\/38266","targetHints":{"allow":["GET"]}}],"collection":[{"href":"https:\/\/lahora.mx\/index.php\/wp-json\/wp\/v2\/posts"}],"about":[{"href":"https:\/\/lahora.mx\/index.php\/wp-json\/wp\/v2\/types\/post"}],"author":[{"embeddable":true,"href":"https:\/\/lahora.mx\/index.php\/wp-json\/wp\/v2\/users\/4"}],"replies":[{"embeddable":true,"href":"https:\/\/lahora.mx\/index.php\/wp-json\/wp\/v2\/comments?post=38266"}],"version-history":[{"count":1,"href":"https:\/\/lahora.mx\/index.php\/wp-json\/wp\/v2\/posts\/38266\/revisions"}],"predecessor-version":[{"id":38268,"href":"https:\/\/lahora.mx\/index.php\/wp-json\/wp\/v2\/posts\/38266\/revisions\/38268"}],"wp:featuredmedia":[{"embeddable":true,"href":"https:\/\/lahora.mx\/index.php\/wp-json\/wp\/v2\/media\/38267"}],"wp:attachment":[{"href":"https:\/\/lahora.mx\/index.php\/wp-json\/wp\/v2\/media?parent=38266"}],"wp:term":[{"taxonomy":"category","embeddable":true,"href":"https:\/\/lahora.mx\/index.php\/wp-json\/wp\/v2\/categories?post=38266"},{"taxonomy":"post_tag","embeddable":true,"href":"https:\/\/lahora.mx\/index.php\/wp-json\/wp\/v2\/tags?post=38266"}],"curies":[{"name":"wp","href":"https:\/\/api.w.org\/{rel}","templated":true}]}}