{"id":38263,"date":"2023-12-08T03:35:08","date_gmt":"2023-12-08T03:35:08","guid":{"rendered":"http:\/\/lahora.mx\/?p=38263"},"modified":"2023-12-08T03:35:09","modified_gmt":"2023-12-08T03:35:09","slug":"5-semanas-de-paro-tecnico-en-produccion-de-jetta","status":"publish","type":"post","link":"https:\/\/lahora.mx\/index.php\/2023\/12\/08\/5-semanas-de-paro-tecnico-en-produccion-de-jetta\/","title":{"rendered":"5 semanas de paro t\u00e9cnico en producci\u00f3n de Jetta"},"content":{"rendered":"\n<p>Cerca de 2 mil trabajadores de Volkswagen se ir\u00e1n a paro t\u00e9cnico durante cinco semanas con el pago de su salario al 57.5 por ciento, es decir que los t\u00e9cnicos pasar\u00e1n las fiestas con la mitad de sus ingresos en plena \u00e9poca decembrina.<\/p>\n\n\n\n<p>A trav\u00e9s de distintos comunicados internos, el Sindicato Independiente de Trabajadores de la Industria Automotriz Volkswagen de M\u00e9xico (Sitiavw) dio a conocer que el motivo del paro es por modificaciones de las l\u00edneas de producci\u00f3n para nuevos modelos.<\/p>\n\n\n\n<p>El segmento 1 Jetta ser\u00e1 el m\u00e1s afectado, pues de acuerdo con el comunicado del que e-consulta tiene copia, el paro comenzar\u00e1 desde la semana 50 de este a\u00f1o, es decir, desde el 11 al 17 de diciembre, abarcar\u00e1 la semana 51, as\u00ed como la 1, 2 y 3 del siguiente a\u00f1o.<\/p>\n\n\n\n<p>El documento no detalla, como suele hacerlo, el porcentaje salarial que percibir\u00e1n los trabajadores, sin embargo, e-consulta pregunt\u00f3 al vocero del sindicato vigente, Miguel Aburto, quien asegur\u00f3 que, para los paros t\u00e9cnicos, la prestaci\u00f3n salarial no pod\u00eda ser menor al 70 por ciento.<\/p>\n\n\n\n<p>No obstante, fuentes al interior de la planta armadora dieron a conocer que el salario de m\u00e1s de 2 mil personas quedar\u00e1 al 57.5 por ciento durante m\u00e1s de un mes.<\/p>\n\n\n\n<p>De hecho, denunciaron que el pago de aguinaldo ser\u00e1 equivalente a lo que no se les pag\u00f3 durante el paro t\u00e9cnico, por lo que tampoco disfrutar\u00e1n de esa prestaci\u00f3n para compensar sus finanzas.<\/p>\n\n\n\n<p>Tambi\u00e9n el segmento Tiguan sufrir\u00e1 afectaciones, pues no trabajar\u00e1 durante la semana 50, 51, as\u00ed como tampoco el d\u00eda 2 de enero, el documento tampoco se\u00f1ala el porcentaje salarial, por lo que otros 2 mil empleados tendr\u00e1n que sobrevivir las fiestas con la mitad de su salario.<\/p>\n\n\n\n<p>El segmento Taos tendr\u00e1 ligeramente menos afectaciones, pues no laborar\u00e1 el 13 y 14 de diciembre, pero lo trabajadores de esta \u00e1rea tambi\u00e9n ser\u00e1n enviados a casa durante las fiestas, pues el documento se\u00f1ala que durante la semana 51 (del 18 al 24 de diciembre) tampoco tendr\u00e1 trabajo.<\/p>\n\n\n\n<p>A trav\u00e9s de comunicados, Volkswagen tambi\u00e9n dio a conocer que el siguiente s\u00e1bado 9 de diciembre, el segmento 3 Taos trabajar\u00e1 tiempo extra obligatorio, recordando que el d\u00eda ser\u00e1 pagado con un d\u00eda tabulado por ser obligatorio.<\/p>\n\n\n\n<p>De acuerdo con las mismas fuentes consultadas, se precis\u00f3 que las prestaciones no se afectan como el premio mensual de puntualidad o vales de despensa<\/p>\n\n\n\n<p>En ninguno de los documentos que el sindicato envi\u00f3 a los trabajadores se define cu\u00e1l ser\u00eda el nivel salarial y tampoco se da opci\u00f3n a los trabajadores, al momento se desconoce la posici\u00f3n del sindicato ante tal reducci\u00f3n salarial en plena \u00e9poca del a\u00f1o de mayor consumo.<\/p>\n","protected":false},"excerpt":{"rendered":"<p>Cerca de 2 mil trabajadores de Volkswagen se ir\u00e1n a paro t\u00e9cnico durante cinco semanas con el pago de su salario al 57.5 por ciento, es decir que los t\u00e9cnicos pasar\u00e1n las fiestas con la mitad de sus ingresos en plena \u00e9poca decembrina. A trav\u00e9s de distintos comunicados internos, el Sindicato Independiente de Trabajadores de [&hellip;]<\/p>\n","protected":false},"author":4,"featured_media":38264,"comment_status":"open","ping_status":"open","sticky":false,"template":"","format":"standard","meta":{"om_disable_all_campaigns":false,"_monsterinsights_skip_tracking":false,"_monsterinsights_sitenote_active":false,"_monsterinsights_sitenote_note":"","_monsterinsights_sitenote_category":0,"footnotes":""},"categories":[175],"tags":[223],"class_list":["post-38263","post","type-post","status-publish","format-standard","has-post-thumbnail","hentry","category-local","tag-puebla"],"amp_enabled":true,"_links":{"self":[{"href":"https:\/\/lahora.mx\/index.php\/wp-json\/wp\/v2\/posts\/38263","targetHints":{"allow":["GET"]}}],"collection":[{"href":"https:\/\/lahora.mx\/index.php\/wp-json\/wp\/v2\/posts"}],"about":[{"href":"https:\/\/lahora.mx\/index.php\/wp-json\/wp\/v2\/types\/post"}],"author":[{"embeddable":true,"href":"https:\/\/lahora.mx\/index.php\/wp-json\/wp\/v2\/users\/4"}],"replies":[{"embeddable":true,"href":"https:\/\/lahora.mx\/index.php\/wp-json\/wp\/v2\/comments?post=38263"}],"version-history":[{"count":1,"href":"https:\/\/lahora.mx\/index.php\/wp-json\/wp\/v2\/posts\/38263\/revisions"}],"predecessor-version":[{"id":38265,"href":"https:\/\/lahora.mx\/index.php\/wp-json\/wp\/v2\/posts\/38263\/revisions\/38265"}],"wp:featuredmedia":[{"embeddable":true,"href":"https:\/\/lahora.mx\/index.php\/wp-json\/wp\/v2\/media\/38264"}],"wp:attachment":[{"href":"https:\/\/lahora.mx\/index.php\/wp-json\/wp\/v2\/media?parent=38263"}],"wp:term":[{"taxonomy":"category","embeddable":true,"href":"https:\/\/lahora.mx\/index.php\/wp-json\/wp\/v2\/categories?post=38263"},{"taxonomy":"post_tag","embeddable":true,"href":"https:\/\/lahora.mx\/index.php\/wp-json\/wp\/v2\/tags?post=38263"}],"curies":[{"name":"wp","href":"https:\/\/api.w.org\/{rel}","templated":true}]}}