{"id":38260,"date":"2023-12-08T03:32:52","date_gmt":"2023-12-08T03:32:52","guid":{"rendered":"http:\/\/lahora.mx\/?p=38260"},"modified":"2023-12-08T03:32:52","modified_gmt":"2023-12-08T03:32:52","slug":"se-reporto-saldo-blanco-en-puebla-tras-sismo-en-chiautla-de-tapia-magnitud-5-7","status":"publish","type":"post","link":"https:\/\/lahora.mx\/index.php\/2023\/12\/08\/se-reporto-saldo-blanco-en-puebla-tras-sismo-en-chiautla-de-tapia-magnitud-5-7\/","title":{"rendered":"Se reporto saldo blanco en Puebla tras sismo en Chiautla de Tapia, magnitud 5.7"},"content":{"rendered":"\n<p>Saldo blanco se registr\u00f3 al sur del municipio de Chiautla de Tapia ante el sismo con magnitud de 5.7 grados (de acuerdo con el Sismol\u00f3gico Nacional) que se registr\u00f3 la tarde de este jueves 7 de diciembre.<\/p>\n\n\n\n<p>El presidente Andr\u00e9s Manuel L\u00f3pez Obrador instruy\u00f3 a la titular de la Coordinaci\u00f3n Nacional de Protecci\u00f3n Civil (CNPC), Laura Vel\u00e1zquez Alz\u00faa, realizar la supervisi\u00f3n exhaustiva en el municipio poblano y mantener comunicaci\u00f3n con el gobernador de Puebla, Sergio Salom\u00f3n C\u00e9spedes Peregrina.<\/p>\n\n\n\n<p>\u00abBueno, de todas maneras hay que hacer la revisi\u00f3n, hay que hablar con el gobernador, Sergio Salomon, de Puebla\u00bb se\u00f1al\u00f3 el mandatario federal.<\/p>\n\n\n\n<p>Te puede interesar:<\/p>\n\n\n\n<p>Sismo de 5.8 grados con epicentro en Chiautla de Tapia, Puebla<\/p>\n\n\n\n<p>flecha derecha<\/p>\n\n\n\n<p>A trav\u00e9s de llamada telef\u00f3nica con L\u00f3pez Obrador, el gobernador poblano notific\u00f3 que hasta el momento no hay personas lesionadas o estructuras da\u00f1adas.<\/p>\n\n\n\n<p>\u00abTodo parece indicar saldo blanco, es de 5.8 al sur de Chiautla de Tapia. Al parecer no hay ninguna p\u00e9rdida humana [o] material y ahorita me est\u00e1 reportando seguridad p\u00fablica, presidente. Estamos haciendo recorridos y hay salgo blanco. Est\u00e1 tranquila la Mixteca\u00bb, coment\u00f3.<br>Sismo sorprende a Puebla a inicios de diciembre<br>De acuerdo al reporte de Protecci\u00f3n Civil del Estado y del Sismol\u00f3gico, de manera preliminar la magnitud del sismo fue de 5.8 localizado a 25 km al sur de Chiautla de Tapia, Puebla.<\/p>\n\n\n\n<p>Sin embargo, contin\u00faa el monitoreo y recorridos para descartar afectaciones. Los municipios que reportan sin afectaciones en la zona de la entidad poblana son:<\/p>\n\n\n\n<p>\u00b7 Esperanza<\/p>\n\n\n\n<p>\u00b7 Guadalupe Victoria<\/p>\n\n\n\n<p>\u00b7 Quimixtl\u00e1n<\/p>\n\n\n\n<p>\u00b7 Aljojuca<\/p>\n\n\n\n<p>\u00b7 San Pedro Cholula<\/p>\n\n\n\n<p>\u00b7 Xayacatl\u00e1n de Bravo<\/p>\n\n\n\n<p>\u00b7 La Magdalena Tlatlauquitepec<\/p>\n\n\n\n<p>\u00b7 San Pedro Yeloixtlahuaca<\/p>\n\n\n\n<p>\u00b7 Ahuehuetitla<\/p>\n\n\n\n<p>\u00b7 Santa In\u00e9s Aguatempan<\/p>\n\n\n\n<p>\u00b7 Chila de las Flores<\/p>\n\n\n\n<p>\u00b7 Cuyuaco<\/p>\n\n\n\n<p>\u00b7 Atoyatempan<\/p>\n\n\n\n<p>\u00b7 Atzitzintla<\/p>\n\n\n\n<p>\u00b7 Cuapiaxtla de Madero<\/p>\n\n\n\n<p>\u00b7 Ajalpan<\/p>\n\n\n\n<p>\u00b7 Nicol\u00e1s Bravo<\/p>\n","protected":false},"excerpt":{"rendered":"<p>Saldo blanco se registr\u00f3 al sur del municipio de Chiautla de Tapia ante el sismo con magnitud de 5.7 grados (de acuerdo con el Sismol\u00f3gico Nacional) que se registr\u00f3 la tarde de este jueves 7 de diciembre. El presidente Andr\u00e9s Manuel L\u00f3pez Obrador instruy\u00f3 a la titular de la Coordinaci\u00f3n Nacional de Protecci\u00f3n Civil (CNPC), [&hellip;]<\/p>\n","protected":false},"author":4,"featured_media":38261,"comment_status":"open","ping_status":"open","sticky":false,"template":"","format":"standard","meta":{"om_disable_all_campaigns":false,"_monsterinsights_skip_tracking":false,"_monsterinsights_sitenote_active":false,"_monsterinsights_sitenote_note":"","_monsterinsights_sitenote_category":0,"footnotes":""},"categories":[175],"tags":[195,223],"class_list":["post-38260","post","type-post","status-publish","format-standard","has-post-thumbnail","hentry","category-local","tag-principal","tag-puebla"],"amp_enabled":true,"_links":{"self":[{"href":"https:\/\/lahora.mx\/index.php\/wp-json\/wp\/v2\/posts\/38260","targetHints":{"allow":["GET"]}}],"collection":[{"href":"https:\/\/lahora.mx\/index.php\/wp-json\/wp\/v2\/posts"}],"about":[{"href":"https:\/\/lahora.mx\/index.php\/wp-json\/wp\/v2\/types\/post"}],"author":[{"embeddable":true,"href":"https:\/\/lahora.mx\/index.php\/wp-json\/wp\/v2\/users\/4"}],"replies":[{"embeddable":true,"href":"https:\/\/lahora.mx\/index.php\/wp-json\/wp\/v2\/comments?post=38260"}],"version-history":[{"count":1,"href":"https:\/\/lahora.mx\/index.php\/wp-json\/wp\/v2\/posts\/38260\/revisions"}],"predecessor-version":[{"id":38262,"href":"https:\/\/lahora.mx\/index.php\/wp-json\/wp\/v2\/posts\/38260\/revisions\/38262"}],"wp:featuredmedia":[{"embeddable":true,"href":"https:\/\/lahora.mx\/index.php\/wp-json\/wp\/v2\/media\/38261"}],"wp:attachment":[{"href":"https:\/\/lahora.mx\/index.php\/wp-json\/wp\/v2\/media?parent=38260"}],"wp:term":[{"taxonomy":"category","embeddable":true,"href":"https:\/\/lahora.mx\/index.php\/wp-json\/wp\/v2\/categories?post=38260"},{"taxonomy":"post_tag","embeddable":true,"href":"https:\/\/lahora.mx\/index.php\/wp-json\/wp\/v2\/tags?post=38260"}],"curies":[{"name":"wp","href":"https:\/\/api.w.org\/{rel}","templated":true}]}}