{"id":38254,"date":"2023-12-08T03:08:03","date_gmt":"2023-12-08T03:08:03","guid":{"rendered":"http:\/\/lahora.mx\/?p=38254"},"modified":"2023-12-08T03:08:04","modified_gmt":"2023-12-08T03:08:04","slug":"desde-tehuacan-claudia-sheinbaum-reitera-su-respaldo-a-puebla","status":"publish","type":"post","link":"https:\/\/lahora.mx\/index.php\/2023\/12\/08\/desde-tehuacan-claudia-sheinbaum-reitera-su-respaldo-a-puebla\/","title":{"rendered":"Desde Tehuac\u00e1n, Claudia Sheinbaum reitera su respaldo a Puebla"},"content":{"rendered":"\n<p>La precandidata a la Presidencia de M\u00e9xico en 2024, Claudia Sheinbaum, sostuvo en Tehuac\u00e1n el respaldo a Puebla, y critic\u00f3 a la oposici\u00f3n por querer volver al pasado.<\/p>\n\n\n\n<p>En ese sentido, la morenista resalt\u00f3 los logros que tuvo durante su administraci\u00f3n como Jefa de Gobierno en la Ciudad de M\u00e9xico.<\/p>\n\n\n\n<p>Durante un evento, ante al menos 3 mil personas en el Parque Deportivo La Huizachera, nuevamente levant\u00f3 la mano de Alejandro Armenta como respaldo.<\/p>\n\n\n\n<p>En dicha reuni\u00f3n, la aspirante presidencial dijo que no se puede volver al pasado con gobiernos que quieren desaparecer los apoyos sociales.<br>Con la presencia de los ex aspirantes, Julio Huerta, Claudia Rivera Vivanco, Rodrigo \u00c1bdala y Rosario Orozco, present\u00f3 el v\u00eddeo de Vicente Fox donde critic\u00f3 las becas a j\u00f3venes y se\u00f1al\u00f3 que esa oposici\u00f3n da\u00f1a a M\u00e9xico.<\/p>\n\n\n\n<p>Asimismo, Claudia Sheinbaum dijo que es tiempo de las mujeres y esto implica erradicar la violencia en su contra.<\/p>\n\n\n\n<p>Por su parte, Alejandro Armenta dijo que Sheinbaum Pardo, se garantiza que Puebla tendr\u00e1 un desarrollo sostenible en los pr\u00f3ximos a\u00f1os.<\/p>\n","protected":false},"excerpt":{"rendered":"<p>La precandidata a la Presidencia de M\u00e9xico en 2024, Claudia Sheinbaum, sostuvo en Tehuac\u00e1n el respaldo a Puebla, y critic\u00f3 a la oposici\u00f3n por querer volver al pasado. En ese sentido, la morenista resalt\u00f3 los logros que tuvo durante su administraci\u00f3n como Jefa de Gobierno en la Ciudad de M\u00e9xico. Durante un evento, ante al [&hellip;]<\/p>\n","protected":false},"author":4,"featured_media":38255,"comment_status":"open","ping_status":"open","sticky":false,"template":"","format":"standard","meta":{"om_disable_all_campaigns":false,"_monsterinsights_skip_tracking":false,"_monsterinsights_sitenote_active":false,"_monsterinsights_sitenote_note":"","_monsterinsights_sitenote_category":0,"footnotes":""},"categories":[175],"tags":[223],"class_list":["post-38254","post","type-post","status-publish","format-standard","has-post-thumbnail","hentry","category-local","tag-puebla"],"amp_enabled":true,"_links":{"self":[{"href":"https:\/\/lahora.mx\/index.php\/wp-json\/wp\/v2\/posts\/38254","targetHints":{"allow":["GET"]}}],"collection":[{"href":"https:\/\/lahora.mx\/index.php\/wp-json\/wp\/v2\/posts"}],"about":[{"href":"https:\/\/lahora.mx\/index.php\/wp-json\/wp\/v2\/types\/post"}],"author":[{"embeddable":true,"href":"https:\/\/lahora.mx\/index.php\/wp-json\/wp\/v2\/users\/4"}],"replies":[{"embeddable":true,"href":"https:\/\/lahora.mx\/index.php\/wp-json\/wp\/v2\/comments?post=38254"}],"version-history":[{"count":1,"href":"https:\/\/lahora.mx\/index.php\/wp-json\/wp\/v2\/posts\/38254\/revisions"}],"predecessor-version":[{"id":38256,"href":"https:\/\/lahora.mx\/index.php\/wp-json\/wp\/v2\/posts\/38254\/revisions\/38256"}],"wp:featuredmedia":[{"embeddable":true,"href":"https:\/\/lahora.mx\/index.php\/wp-json\/wp\/v2\/media\/38255"}],"wp:attachment":[{"href":"https:\/\/lahora.mx\/index.php\/wp-json\/wp\/v2\/media?parent=38254"}],"wp:term":[{"taxonomy":"category","embeddable":true,"href":"https:\/\/lahora.mx\/index.php\/wp-json\/wp\/v2\/categories?post=38254"},{"taxonomy":"post_tag","embeddable":true,"href":"https:\/\/lahora.mx\/index.php\/wp-json\/wp\/v2\/tags?post=38254"}],"curies":[{"name":"wp","href":"https:\/\/api.w.org\/{rel}","templated":true}]}}