{"id":38219,"date":"2023-11-27T17:29:31","date_gmt":"2023-11-27T17:29:31","guid":{"rendered":"http:\/\/lahora.mx\/?p=38219"},"modified":"2023-12-07T17:31:47","modified_gmt":"2023-12-07T17:31:47","slug":"exitosa-participacion-de-huamantla-en-el-tianguis-de-pueblos-magicos-2023","status":"publish","type":"post","link":"https:\/\/lahora.mx\/index.php\/2023\/11\/27\/exitosa-participacion-de-huamantla-en-el-tianguis-de-pueblos-magicos-2023\/","title":{"rendered":"Exitosa participaci\u00f3n de Huamantla en el tianguis de Pueblos M\u00e1gicos 2023"},"content":{"rendered":"\n<p>El subsecretario de Turismo del Gobierno de M\u00e9xico, Humberto Hern\u00e1ndez haddad, clausur\u00f3 las actividades de la 5a. Edici\u00f3n del Tianguis de Pueblos M\u00e1gicos 2023, donde Huamantla tuvo una participaci\u00f3n exitosa enamorando a los visitantes con sus artesan\u00edas, tapetes de aserr\u00edn y sus funciones de t\u00edteres.<\/p>\n\n\n\n<p>En el acto, Hern\u00e1ndez haddad, a nombre del secretario de Turismo federal, Miguel Torruco Marqu\u00e9s, reconoci\u00f3 la participaci\u00f3n de m\u00e1s de 170 Pueblos M\u00e1gicos que se dieron cita en esta edici\u00f3n, que tuvo como sede la ciudad de Pachuca de Soto, y que muestra la voluntad de los 31 gobernadores por mostrar sus tradiciones, cultura y sabores, en un evento que busca incentivar el talento de artesanos y prestadores de servicios.<\/p>\n\n\n\n<p>En ese sentido, la coordinadora de Turismo de Huamantla, Mar\u00eda Celeste Caballero Mart\u00ednez, destac\u00f3 que la administraci\u00f3n municipal encabezada por el alcalde, Salvador Santos Cedillo, ha impulsado una intensa campa\u00f1a de promoci\u00f3n tur\u00edstica donde se destaca que \u201cTodo el a\u00f1o Huamantla es tu destino\u201d, ya que existen actividades art\u00edsticas, culturales, taurinas y religiosas, durante los 12 meses del a\u00f1o.<\/p>\n\n\n\n<p>Finalmente, autoridades federales y estatales realizaron la entrega de estafeta del Tianguis de Pueblos M\u00e1gicos, la cual se realizar\u00e1 en el mes de septiembre en Orizaba, Veracruz; de igual manera, entregaron reconocimientos a los estados participantes, incluido Tlaxcala.<\/p>\n","protected":false},"excerpt":{"rendered":"<p>El subsecretario de Turismo del Gobierno de M\u00e9xico, Humberto Hern\u00e1ndez haddad, clausur\u00f3 las actividades de la 5a. Edici\u00f3n del Tianguis de Pueblos M\u00e1gicos 2023, donde Huamantla tuvo una participaci\u00f3n exitosa enamorando a los visitantes con sus artesan\u00edas, tapetes de aserr\u00edn y sus funciones de t\u00edteres. En el acto, Hern\u00e1ndez haddad, a nombre del secretario de [&hellip;]<\/p>\n","protected":false},"author":4,"featured_media":38220,"comment_status":"open","ping_status":"open","sticky":false,"template":"","format":"standard","meta":{"om_disable_all_campaigns":false,"_monsterinsights_skip_tracking":false,"_monsterinsights_sitenote_active":false,"_monsterinsights_sitenote_note":"","_monsterinsights_sitenote_category":0,"footnotes":""},"categories":[175],"tags":[223,210],"class_list":["post-38219","post","type-post","status-publish","format-standard","has-post-thumbnail","hentry","category-local","tag-puebla","tag-tlaxcala"],"amp_enabled":true,"_links":{"self":[{"href":"https:\/\/lahora.mx\/index.php\/wp-json\/wp\/v2\/posts\/38219","targetHints":{"allow":["GET"]}}],"collection":[{"href":"https:\/\/lahora.mx\/index.php\/wp-json\/wp\/v2\/posts"}],"about":[{"href":"https:\/\/lahora.mx\/index.php\/wp-json\/wp\/v2\/types\/post"}],"author":[{"embeddable":true,"href":"https:\/\/lahora.mx\/index.php\/wp-json\/wp\/v2\/users\/4"}],"replies":[{"embeddable":true,"href":"https:\/\/lahora.mx\/index.php\/wp-json\/wp\/v2\/comments?post=38219"}],"version-history":[{"count":1,"href":"https:\/\/lahora.mx\/index.php\/wp-json\/wp\/v2\/posts\/38219\/revisions"}],"predecessor-version":[{"id":38221,"href":"https:\/\/lahora.mx\/index.php\/wp-json\/wp\/v2\/posts\/38219\/revisions\/38221"}],"wp:featuredmedia":[{"embeddable":true,"href":"https:\/\/lahora.mx\/index.php\/wp-json\/wp\/v2\/media\/38220"}],"wp:attachment":[{"href":"https:\/\/lahora.mx\/index.php\/wp-json\/wp\/v2\/media?parent=38219"}],"wp:term":[{"taxonomy":"category","embeddable":true,"href":"https:\/\/lahora.mx\/index.php\/wp-json\/wp\/v2\/categories?post=38219"},{"taxonomy":"post_tag","embeddable":true,"href":"https:\/\/lahora.mx\/index.php\/wp-json\/wp\/v2\/tags?post=38219"}],"curies":[{"name":"wp","href":"https:\/\/api.w.org\/{rel}","templated":true}]}}