{"id":38213,"date":"2023-11-27T17:23:02","date_gmt":"2023-11-27T17:23:02","guid":{"rendered":"http:\/\/lahora.mx\/?p=38213"},"modified":"2023-12-07T17:37:04","modified_gmt":"2023-12-07T17:37:04","slug":"frustra-robo-policia-de-huamantla-y-detiene-a-presuntos-asaltantes","status":"publish","type":"post","link":"https:\/\/lahora.mx\/index.php\/2023\/11\/27\/frustra-robo-policia-de-huamantla-y-detiene-a-presuntos-asaltantes\/","title":{"rendered":"Frustra robo polic\u00eda de Huamantla y detiene a presuntos asaltantes"},"content":{"rendered":"\n<p>La tarde de este domingo 26 de noviembre elementos de la polic\u00eda de Huamantla frustraron un robo a una tienda comercial ubicada en la calle Ju\u00e1rez del centro de la ciudad y aseguraron a los presuntos asaltantes que se daban a la fuga.<\/p>\n\n\n\n<p>Los hechos ocurrieron luego de que llegara a la comisar\u00eda municipal un reporte de que se hab\u00eda dado en ese momento un robo a la mencionada tienda, por lo que de inmediato los efectivos se trasladaron a la ubicaci\u00f3n y solicitaron el apoyo del Centro de Comando y Control (C2), para que a trav\u00e9s del sistema de vigilancia se pudiera establecer con el paradero de los presuntos asaltantes.<\/p>\n\n\n\n<p>Fue a trav\u00e9s de estas acciones coordinadas que r\u00e1pidamente se localiz\u00f3 a cuatro masculinos que coincid\u00edan con la descripci\u00f3n de quienes momentos antes habr\u00edan cometido el robo y que hu\u00edan en un veh\u00edculo color rojo.<\/p>\n\n\n\n<p>Despu\u00e9s de una persecuci\u00f3n, los sujetos fueron detenidos y trasladados a la Direcci\u00f3n de Seguridad P\u00fablica, Tr\u00e1nsito y Protecci\u00f3n Civil de Huamantla para determinar su situaci\u00f3n legal.<\/p>\n\n\n\n<p>De esta forma, las \u00e1reas de seguridad del municipio, trabajan de manera conjunta para proteger y salvaguardar a la ciudadan\u00eda.<\/p>\n","protected":false},"excerpt":{"rendered":"<p>La tarde de este domingo 26 de noviembre elementos de la polic\u00eda de Huamantla frustraron un robo a una tienda comercial ubicada en la calle Ju\u00e1rez del centro de la ciudad y aseguraron a los presuntos asaltantes que se daban a la fuga. Los hechos ocurrieron luego de que llegara a la comisar\u00eda municipal un [&hellip;]<\/p>\n","protected":false},"author":4,"featured_media":38214,"comment_status":"open","ping_status":"open","sticky":false,"template":"","format":"standard","meta":{"om_disable_all_campaigns":false,"_monsterinsights_skip_tracking":false,"_monsterinsights_sitenote_active":false,"_monsterinsights_sitenote_note":"","_monsterinsights_sitenote_category":0,"footnotes":""},"categories":[175],"tags":[223,210],"class_list":["post-38213","post","type-post","status-publish","format-standard","has-post-thumbnail","hentry","category-local","tag-puebla","tag-tlaxcala"],"amp_enabled":true,"_links":{"self":[{"href":"https:\/\/lahora.mx\/index.php\/wp-json\/wp\/v2\/posts\/38213","targetHints":{"allow":["GET"]}}],"collection":[{"href":"https:\/\/lahora.mx\/index.php\/wp-json\/wp\/v2\/posts"}],"about":[{"href":"https:\/\/lahora.mx\/index.php\/wp-json\/wp\/v2\/types\/post"}],"author":[{"embeddable":true,"href":"https:\/\/lahora.mx\/index.php\/wp-json\/wp\/v2\/users\/4"}],"replies":[{"embeddable":true,"href":"https:\/\/lahora.mx\/index.php\/wp-json\/wp\/v2\/comments?post=38213"}],"version-history":[{"count":2,"href":"https:\/\/lahora.mx\/index.php\/wp-json\/wp\/v2\/posts\/38213\/revisions"}],"predecessor-version":[{"id":38223,"href":"https:\/\/lahora.mx\/index.php\/wp-json\/wp\/v2\/posts\/38213\/revisions\/38223"}],"wp:featuredmedia":[{"embeddable":true,"href":"https:\/\/lahora.mx\/index.php\/wp-json\/wp\/v2\/media\/38214"}],"wp:attachment":[{"href":"https:\/\/lahora.mx\/index.php\/wp-json\/wp\/v2\/media?parent=38213"}],"wp:term":[{"taxonomy":"category","embeddable":true,"href":"https:\/\/lahora.mx\/index.php\/wp-json\/wp\/v2\/categories?post=38213"},{"taxonomy":"post_tag","embeddable":true,"href":"https:\/\/lahora.mx\/index.php\/wp-json\/wp\/v2\/tags?post=38213"}],"curies":[{"name":"wp","href":"https:\/\/api.w.org\/{rel}","templated":true}]}}