{"id":38180,"date":"2023-12-06T23:43:31","date_gmt":"2023-12-06T23:43:31","guid":{"rendered":"http:\/\/lahora.mx\/?p=38180"},"modified":"2023-12-06T23:43:32","modified_gmt":"2023-12-06T23:43:32","slug":"mexico-vive-el-sexenio-mas-violento-de-la-historia-con-amlo-menciona-rector-de-la-ibero","status":"publish","type":"post","link":"https:\/\/lahora.mx\/index.php\/2023\/12\/06\/mexico-vive-el-sexenio-mas-violento-de-la-historia-con-amlo-menciona-rector-de-la-ibero\/","title":{"rendered":"M\u00e9xico vive el sexenio m\u00e1s violento de la historia con AMLO menciona rector de la IBERO"},"content":{"rendered":"\n<p>Todav\u00eda sin llegar al final del gobierno de Andr\u00e9s Manuel L\u00f3pez Obrador (AMLO), M\u00e9xico vive el sexenio m\u00e1s violento de la historia, se\u00f1al\u00f3 el rector de la Ibero Puebla, Mario Ernesto Patr\u00f3n S\u00e1nchez.<\/p>\n\n\n\n<p>Aclar\u00f3 que, a unos meses del cierre de su administraci\u00f3n federal, el l\u00edder de la llamada Cuarta Transformaci\u00f3n, ya super\u00f3 el sexenio del panista Vicente Fox Quesada y del pri\u00edsta Enrique Pe\u00f1a Nieto.<\/p>\n\n\n\n<p>El principal problema que encuentra es que, no se visualiza ni existe una pol\u00edtica integral de Estado en el gobierno mexicano, por lo tanto, no existe un proceso de pacificaci\u00f3n.<\/p>\n\n\n\n<p>\u201cEstamos viviendo el sexenio m\u00e1s violento del pa\u00eds, este sexenio tiene 158 mil 583 homicidios dolosos con muertes violentas\u201d.<\/p>\n\n\n\n<p>En un comparativo, dijo que durante la presidencia del panista Vicente Fox Quesada, fueron m\u00e1s de 60 mil homicidios dolosos, en el de Enrique Pe\u00f1a Nieto fueron 156 mil y hoy son m\u00e1s de 158 mil.<\/p>\n\n\n\n<p>Ante eso, se\u00f1al\u00f3 que no ha habido una capacidad institucional, sin hacer distinci\u00f3n de los colores y sellos pol\u00edticos, primero fue el PRI, despu\u00e9s el PAN y ahora es Morena, para construir una pol\u00edtica integral de Estado que permita a M\u00e9xico transitar en un proceso sostenido de pacificaci\u00f3n.<\/p>\n\n\n\n<p>\u201cHice \u00e9nfasis en una de las investigaciones transversales, en la que estamos como socios con UNICEF M\u00e9xico que vamos a estudiar en seis Estados de la rep\u00fablica, con j\u00f3venes en reclutamiento para ser formados como parte del crimen organizado donde est\u00e1n estos an\u00e1lisis que ponen a las juventudes en vulnerabilidad extrema\u00bb.<\/p>\n\n\n\n<p>El rector de la Ibero Puebla explic\u00f3 que estas situaciones los pone en vulnerabilidad como v\u00edctimas de reclutamiento forzado.<\/p>\n\n\n\n<p>\u201cPuebla viene de una historia, en el 2020, donde tuvimos una movilizaci\u00f3n hist\u00f3rica de estudiantes y que luego ese proceso se fren\u00f3 por la incidencia de la pandemia\u201d, finaliz\u00f3.<\/p>\n","protected":false},"excerpt":{"rendered":"<p>Todav\u00eda sin llegar al final del gobierno de Andr\u00e9s Manuel L\u00f3pez Obrador (AMLO), M\u00e9xico vive el sexenio m\u00e1s violento de la historia, se\u00f1al\u00f3 el rector de la Ibero Puebla, Mario Ernesto Patr\u00f3n S\u00e1nchez. Aclar\u00f3 que, a unos meses del cierre de su administraci\u00f3n federal, el l\u00edder de la llamada Cuarta Transformaci\u00f3n, ya super\u00f3 el sexenio [&hellip;]<\/p>\n","protected":false},"author":4,"featured_media":38181,"comment_status":"open","ping_status":"open","sticky":false,"template":"","format":"standard","meta":{"om_disable_all_campaigns":false,"_monsterinsights_skip_tracking":false,"_monsterinsights_sitenote_active":false,"_monsterinsights_sitenote_note":"","_monsterinsights_sitenote_category":0,"footnotes":""},"categories":[176],"tags":[223],"class_list":["post-38180","post","type-post","status-publish","format-standard","has-post-thumbnail","hentry","category-nacional","tag-puebla"],"amp_enabled":true,"_links":{"self":[{"href":"https:\/\/lahora.mx\/index.php\/wp-json\/wp\/v2\/posts\/38180","targetHints":{"allow":["GET"]}}],"collection":[{"href":"https:\/\/lahora.mx\/index.php\/wp-json\/wp\/v2\/posts"}],"about":[{"href":"https:\/\/lahora.mx\/index.php\/wp-json\/wp\/v2\/types\/post"}],"author":[{"embeddable":true,"href":"https:\/\/lahora.mx\/index.php\/wp-json\/wp\/v2\/users\/4"}],"replies":[{"embeddable":true,"href":"https:\/\/lahora.mx\/index.php\/wp-json\/wp\/v2\/comments?post=38180"}],"version-history":[{"count":1,"href":"https:\/\/lahora.mx\/index.php\/wp-json\/wp\/v2\/posts\/38180\/revisions"}],"predecessor-version":[{"id":38182,"href":"https:\/\/lahora.mx\/index.php\/wp-json\/wp\/v2\/posts\/38180\/revisions\/38182"}],"wp:featuredmedia":[{"embeddable":true,"href":"https:\/\/lahora.mx\/index.php\/wp-json\/wp\/v2\/media\/38181"}],"wp:attachment":[{"href":"https:\/\/lahora.mx\/index.php\/wp-json\/wp\/v2\/media?parent=38180"}],"wp:term":[{"taxonomy":"category","embeddable":true,"href":"https:\/\/lahora.mx\/index.php\/wp-json\/wp\/v2\/categories?post=38180"},{"taxonomy":"post_tag","embeddable":true,"href":"https:\/\/lahora.mx\/index.php\/wp-json\/wp\/v2\/tags?post=38180"}],"curies":[{"name":"wp","href":"https:\/\/api.w.org\/{rel}","templated":true}]}}