{"id":38177,"date":"2023-12-06T23:41:06","date_gmt":"2023-12-06T23:41:06","guid":{"rendered":"http:\/\/lahora.mx\/?p=38177"},"modified":"2023-12-06T23:41:06","modified_gmt":"2023-12-06T23:41:06","slug":"corridas-de-toros-regresan-a-cdmx","status":"publish","type":"post","link":"https:\/\/lahora.mx\/index.php\/2023\/12\/06\/corridas-de-toros-regresan-a-cdmx\/","title":{"rendered":"Corridas de toros regresan a CDMX"},"content":{"rendered":"\n<p>A pesar de que en 2022 fueron suspendidas las corridas de toros en la Ciudad de M\u00e9xico, la Segunda Sala de la Suprema Corte de Justicia de la Naci\u00f3n revoc\u00f3 hoy la suspensi\u00f3n para que esta actividad regrese a la capital del pa\u00eds.<\/p>\n\n\n\n<p>Por unanimidad, los ministros de la Suprema Corte autorizaron reanudar las corridas de toros en la Plaza M\u00e9xico, al revocar una suspensi\u00f3n que se hab\u00eda otorgado en junio del 2022. Asimismo, se neg\u00f3 otorgar un freno definitivo.<\/p>\n\n\n\n<p>El proyecto fue propuesto por la ministra Yasm\u00edn Esquivel, quien buscaba que las corridas de toros regresaran a la CDMX; sin embargo, este mi\u00e9rcoles 6 de diciembre se manifestaron cientos de personas, defensoras de animales, en contra de que regrese la llamada \u201cfiesta brava\u201d.<\/p>\n\n\n\n<p>Mientras que, afuera de la SCJN, se llev\u00f3 a cabo otra manifestaci\u00f3n que exig\u00eda se elimine la suspensi\u00f3n de actividades en la Plaza de Toros, donde miles de trabajadores se quedaron sin empleo ante la falta de corridas en este recinto.<\/p>\n\n\n\n<p>Con este fallo, se prev\u00e9 que las corridas de toros regresen el 12 de diciembre, como ocurr\u00eda cada a\u00f1o en esta plaza, adem\u00e1s de que en esta fecha inicia la temporada.<\/p>\n\n\n\n<p>El a\u00f1o pasado, la Comisi\u00f3n de Bienestar Animal en el Congreso capitalino hab\u00eda aprobado una iniciativa de reforma de la ley de protecci\u00f3n animal destinada a prohibir los \u201cespect\u00e1culos p\u00fablicos en los que los animales sean objeto de actos de maltrato y crueldad que deriven en su muerte\u201d. Entre ellos se encontraban \u201cespect\u00e1culos en los cuales se maltrate, torture o prive de la vida a toros, novillos y becerros\u201d.<\/p>\n\n\n\n<p>Sonora, el primer estado de M\u00e9xico en prohibir las corridas de toros<br>En M\u00e9xico el primer estado que prohibi\u00f3 las corridas fue Sonora, al norte, en 2013, entidad a la que siguieron otras tres: Guerrero, Coahuila y Quintana Roo. Mientras, otros estados mantienen orgullosos la fiesta con los mejores carteles del momento, como Aguascalientes.<\/p>\n\n\n\n<p>En 2019, ya hab\u00eda una mayor\u00eda de poblaci\u00f3n a favor de la prohibici\u00f3n y el propio presidente Andr\u00e9s Manuel L\u00f3pez Obrador lleg\u00f3 a decir en ese momento que se podr\u00eda hacer una consulta popular para que los ciudadanos se pronunciaran. Sin embargo, el tema se qued\u00f3 \u2018congelado\u2019.<\/p>\n\n\n\n<p>La lucha de los defensores de los animales ha ido creciendo tanto en Espa\u00f1a como en Am\u00e9rica Latina y generalmente han sido autoridades locales o estatales las que han ido sacando adelante las prohibiciones.<\/p>\n\n\n\n<p>En Catalu\u00f1a, Espa\u00f1a, no hay corridas desde hace m\u00e1s de una d\u00e9cada, y en Bogot\u00e1, la capital de Colombia, otro pa\u00eds muy taurino, no habr\u00e1 temporada porque ning\u00fan empresario se present\u00f3 para llevarla a cabo.<\/p>\n","protected":false},"excerpt":{"rendered":"<p>A pesar de que en 2022 fueron suspendidas las corridas de toros en la Ciudad de M\u00e9xico, la Segunda Sala de la Suprema Corte de Justicia de la Naci\u00f3n revoc\u00f3 hoy la suspensi\u00f3n para que esta actividad regrese a la capital del pa\u00eds. Por unanimidad, los ministros de la Suprema Corte autorizaron reanudar las corridas [&hellip;]<\/p>\n","protected":false},"author":4,"featured_media":38178,"comment_status":"open","ping_status":"open","sticky":false,"template":"","format":"standard","meta":{"om_disable_all_campaigns":false,"_monsterinsights_skip_tracking":false,"_monsterinsights_sitenote_active":false,"_monsterinsights_sitenote_note":"","_monsterinsights_sitenote_category":0,"footnotes":""},"categories":[176],"tags":[],"class_list":["post-38177","post","type-post","status-publish","format-standard","has-post-thumbnail","hentry","category-nacional"],"amp_enabled":true,"_links":{"self":[{"href":"https:\/\/lahora.mx\/index.php\/wp-json\/wp\/v2\/posts\/38177","targetHints":{"allow":["GET"]}}],"collection":[{"href":"https:\/\/lahora.mx\/index.php\/wp-json\/wp\/v2\/posts"}],"about":[{"href":"https:\/\/lahora.mx\/index.php\/wp-json\/wp\/v2\/types\/post"}],"author":[{"embeddable":true,"href":"https:\/\/lahora.mx\/index.php\/wp-json\/wp\/v2\/users\/4"}],"replies":[{"embeddable":true,"href":"https:\/\/lahora.mx\/index.php\/wp-json\/wp\/v2\/comments?post=38177"}],"version-history":[{"count":1,"href":"https:\/\/lahora.mx\/index.php\/wp-json\/wp\/v2\/posts\/38177\/revisions"}],"predecessor-version":[{"id":38179,"href":"https:\/\/lahora.mx\/index.php\/wp-json\/wp\/v2\/posts\/38177\/revisions\/38179"}],"wp:featuredmedia":[{"embeddable":true,"href":"https:\/\/lahora.mx\/index.php\/wp-json\/wp\/v2\/media\/38178"}],"wp:attachment":[{"href":"https:\/\/lahora.mx\/index.php\/wp-json\/wp\/v2\/media?parent=38177"}],"wp:term":[{"taxonomy":"category","embeddable":true,"href":"https:\/\/lahora.mx\/index.php\/wp-json\/wp\/v2\/categories?post=38177"},{"taxonomy":"post_tag","embeddable":true,"href":"https:\/\/lahora.mx\/index.php\/wp-json\/wp\/v2\/tags?post=38177"}],"curies":[{"name":"wp","href":"https:\/\/api.w.org\/{rel}","templated":true}]}}