{"id":38128,"date":"2023-12-06T16:54:52","date_gmt":"2023-12-06T16:54:52","guid":{"rendered":"http:\/\/lahora.mx\/?p=38128"},"modified":"2023-12-06T16:54:52","modified_gmt":"2023-12-06T16:54:52","slug":"ministro-suspende-extincion-de-fideicomisos-del-pjf","status":"publish","type":"post","link":"https:\/\/lahora.mx\/index.php\/2023\/12\/06\/ministro-suspende-extincion-de-fideicomisos-del-pjf\/","title":{"rendered":"Ministro suspende extinci\u00f3n de fideicomisos del PJF"},"content":{"rendered":"\n<p>Ayer martes 5 de noviembre, el Ministro Javier Laynez Potisek suspendi\u00f3 de manera indefinida la extinci\u00f3n de 13 de los 14 fideicomisos del Poder Judicial de la Federaci\u00f3n (PJF) por m\u00e1s de 15 mil millones de pesos.<\/p>\n\n\n\n<p>La suspensi\u00f3n fue admitida por Laynez Potisek luego de que los legisladores de oposici\u00f3n en el Congreso de la Uni\u00f3n, de las bancadas del PAN, PRI, PRD, y Movimiento Ciudadano, as\u00ed como senadores de la C\u00e1mara Alta, interpusieran acciones de inconstitucionalidad.<\/p>\n\n\n\n<p>\u201cSe concede la suspensi\u00f3n solicitada por las diversas senadoras y senadores, as\u00ed como determinadas diputadas y diputados del Congreso de la Uni\u00f3n, en los t\u00e9rminos y para los efectos que se indican en este prove\u00eddo\u201d, indic\u00f3 el ministro en el acuerdo publicado por la Suprema Corte de Justicia de la Naci\u00f3n (SCJN).<\/p>\n\n\n\n<p>De acuerdo con los diputados federales y los senadores, lo que buscaron con la solicitud de la suspensi\u00f3n de la desaparici\u00f3n de los fideicomisos era evitar causar perjuicio a los derechos de los trabajadores del Poder Judicial.<\/p>\n\n\n\n<p>Por ahora, la extinci\u00f3n de los fideicomisos y la integraci\u00f3n de esos fondos a la Tesorer\u00eda de la Federaci\u00f3n estar\u00e1 pausada de manera indefinida hasta que se resuelva si la reforma al Art\u00edculo 224 de la Ley Org\u00e1nica del PJF es v\u00e1lida y vigente o si se comprueba que es violatoria al marco constitucional.<\/p>\n\n\n\n<p>Asimismo, el Ministro Javier Laynez deber\u00e1 presentar un proyecto de resoluci\u00f3n ante la Suprema Corte de Justicia de la Naci\u00f3n, sin embargo, no existe un l\u00edmite temporal para la resoluci\u00f3n de las acciones de inconstitucionalidad interpuestas contra la extinci\u00f3n de los fideicomisos.<\/p>\n\n\n\n<p>Luego de aprobada la suspensi\u00f3n, Laynez Potisek enfatiz\u00f3 que \u201cla medida cautelar surtir\u00e1 efectos sin necesidad de otorgar garant\u00eda alguna, sin perjuicio de que pueda modificarse o revocarse derivado de alg\u00fan hecho superveniente\u201d.<\/p>\n\n\n\n<p>Cabe recordar que, tras el impacto del hurac\u00e1n Otis en Acapulco y Coyuca de Ben\u00edtez, tanto Andr\u00e9s Manuel L\u00f3pez Obrador como la ministra presidenta Norma Pi\u00f1a hab\u00edan acordado utilizar el dinero de los fideicomisos para ayudar a la reconstrucci\u00f3n de Guerrero, sin embargo, tras las m\u00faltiples intervenciones legales que han frenado el traslado de los fondos a manos del gobierno federal, esto no ser\u00e1 posible.<\/p>\n","protected":false},"excerpt":{"rendered":"<p>Ayer martes 5 de noviembre, el Ministro Javier Laynez Potisek suspendi\u00f3 de manera indefinida la extinci\u00f3n de 13 de los 14 fideicomisos del Poder Judicial de la Federaci\u00f3n (PJF) por m\u00e1s de 15 mil millones de pesos. La suspensi\u00f3n fue admitida por Laynez Potisek luego de que los legisladores de oposici\u00f3n en el Congreso de [&hellip;]<\/p>\n","protected":false},"author":4,"featured_media":38129,"comment_status":"open","ping_status":"open","sticky":false,"template":"","format":"standard","meta":{"om_disable_all_campaigns":false,"_monsterinsights_skip_tracking":false,"_monsterinsights_sitenote_active":false,"_monsterinsights_sitenote_note":"","_monsterinsights_sitenote_category":0,"footnotes":""},"categories":[176],"tags":[],"class_list":["post-38128","post","type-post","status-publish","format-standard","has-post-thumbnail","hentry","category-nacional"],"amp_enabled":true,"_links":{"self":[{"href":"https:\/\/lahora.mx\/index.php\/wp-json\/wp\/v2\/posts\/38128","targetHints":{"allow":["GET"]}}],"collection":[{"href":"https:\/\/lahora.mx\/index.php\/wp-json\/wp\/v2\/posts"}],"about":[{"href":"https:\/\/lahora.mx\/index.php\/wp-json\/wp\/v2\/types\/post"}],"author":[{"embeddable":true,"href":"https:\/\/lahora.mx\/index.php\/wp-json\/wp\/v2\/users\/4"}],"replies":[{"embeddable":true,"href":"https:\/\/lahora.mx\/index.php\/wp-json\/wp\/v2\/comments?post=38128"}],"version-history":[{"count":1,"href":"https:\/\/lahora.mx\/index.php\/wp-json\/wp\/v2\/posts\/38128\/revisions"}],"predecessor-version":[{"id":38130,"href":"https:\/\/lahora.mx\/index.php\/wp-json\/wp\/v2\/posts\/38128\/revisions\/38130"}],"wp:featuredmedia":[{"embeddable":true,"href":"https:\/\/lahora.mx\/index.php\/wp-json\/wp\/v2\/media\/38129"}],"wp:attachment":[{"href":"https:\/\/lahora.mx\/index.php\/wp-json\/wp\/v2\/media?parent=38128"}],"wp:term":[{"taxonomy":"category","embeddable":true,"href":"https:\/\/lahora.mx\/index.php\/wp-json\/wp\/v2\/categories?post=38128"},{"taxonomy":"post_tag","embeddable":true,"href":"https:\/\/lahora.mx\/index.php\/wp-json\/wp\/v2\/tags?post=38128"}],"curies":[{"name":"wp","href":"https:\/\/api.w.org\/{rel}","templated":true}]}}