{"id":38122,"date":"2023-12-06T03:43:43","date_gmt":"2023-12-06T03:43:43","guid":{"rendered":"http:\/\/lahora.mx\/?p=38122"},"modified":"2023-12-06T03:43:44","modified_gmt":"2023-12-06T03:43:44","slug":"este-proximo-7-de-diciembre-morena-definira-genero-para-las-formulas-al-senado","status":"publish","type":"post","link":"https:\/\/lahora.mx\/index.php\/2023\/12\/06\/este-proximo-7-de-diciembre-morena-definira-genero-para-las-formulas-al-senado\/","title":{"rendered":"Este pr\u00f3ximo 7 de diciembre Morena definir\u00e1 g\u00e9nero para las f\u00f3rmulas al Senado"},"content":{"rendered":"\n<p>El jueves 7 de diciembre, la dirigencia nacional de Morena realizar\u00e1 el sorteo para definir el g\u00e9nero para las f\u00f3rmulas al Senado de la Rep\u00fablica, inform\u00f3 el dirigente nacional del partido, Mario Delgado Carrillo, por lo anterior se confirm\u00f3 que el diputado federal, Ignacio Mier Velazco, ser\u00e1 el \u00fanico candidato a encabezar la primera f\u00f3rmula a la C\u00e1mara Alta por Puebla.<\/p>\n\n\n\n<p>En conferencia de prensa virtual, el l\u00edder partidista anunci\u00f3 que el procedimiento al azar se realizar\u00e1 con la presencia de la dirigencia nacional, los consejos y los comit\u00e9s estatales de las 32 entidades.<\/p>\n\n\n\n<p>As\u00ed como Ad\u00e1n Augusto L\u00f3pez, ser\u00e1 el coordinador pol\u00edtico de Claudia Sheinbaum Pardo, candidata presidencial, Claudia Sheinbaum Pardo.<\/p>\n\n\n\n<p>\u201cVamos a hacer el sorteo de g\u00e9nero para las f\u00f3rmulas al senado de la Rep\u00fablica, esto es, si encabeza hombre o mujer, la f\u00f3rmula en la entidad, con la excepci\u00f3n de las nueve entidades donde se determin\u00f3 el g\u00e9nero a partir de qui\u00e9n gan\u00f3 la encuesta\u201d, expres\u00f3.<\/p>\n\n\n\n<p>Del proceso anterior est\u00e1 excluido Chiapas, Guanajuato, Jalisco, Morelos, Puebla, Tabasco, Veracruz y Yucat\u00e1n, as\u00ed como la Ciudad de M\u00e9xico, los estados donde en las siguientes elecciones del 2024 se renovar\u00e1 la gubernatura.<\/p>\n\n\n\n<p>Lo anterior porque ya se definieron los nueve perfiles que encabezar\u00e1n la primera f\u00f3rmula para la C\u00e1mara Alta. En el caso de Puebla es el legislador federal, Ignacio Mier Velazco, quien qued\u00f3 en segundo lugar en el proceso interno del partido por la coordinaci\u00f3n estatal de los Comit\u00e9s de Defensa de la Cuarta Transformaci\u00f3n.<\/p>\n\n\n\n<p>El ganador fue el senador Alejandro Armenta Mier, quien ser\u00e1 el candidato de Morena, el Partido del Trabajo (PT) y el Partido Verde Ecologista de M\u00e9xico (PVEM).<\/p>\n","protected":false},"excerpt":{"rendered":"<p>El jueves 7 de diciembre, la dirigencia nacional de Morena realizar\u00e1 el sorteo para definir el g\u00e9nero para las f\u00f3rmulas al Senado de la Rep\u00fablica, inform\u00f3 el dirigente nacional del partido, Mario Delgado Carrillo, por lo anterior se confirm\u00f3 que el diputado federal, Ignacio Mier Velazco, ser\u00e1 el \u00fanico candidato a encabezar la primera f\u00f3rmula [&hellip;]<\/p>\n","protected":false},"author":4,"featured_media":38123,"comment_status":"open","ping_status":"open","sticky":false,"template":"","format":"standard","meta":{"om_disable_all_campaigns":false,"_monsterinsights_skip_tracking":false,"_monsterinsights_sitenote_active":false,"_monsterinsights_sitenote_note":"","_monsterinsights_sitenote_category":0,"footnotes":""},"categories":[176],"tags":[195,223],"class_list":["post-38122","post","type-post","status-publish","format-standard","has-post-thumbnail","hentry","category-nacional","tag-principal","tag-puebla"],"amp_enabled":true,"_links":{"self":[{"href":"https:\/\/lahora.mx\/index.php\/wp-json\/wp\/v2\/posts\/38122","targetHints":{"allow":["GET"]}}],"collection":[{"href":"https:\/\/lahora.mx\/index.php\/wp-json\/wp\/v2\/posts"}],"about":[{"href":"https:\/\/lahora.mx\/index.php\/wp-json\/wp\/v2\/types\/post"}],"author":[{"embeddable":true,"href":"https:\/\/lahora.mx\/index.php\/wp-json\/wp\/v2\/users\/4"}],"replies":[{"embeddable":true,"href":"https:\/\/lahora.mx\/index.php\/wp-json\/wp\/v2\/comments?post=38122"}],"version-history":[{"count":1,"href":"https:\/\/lahora.mx\/index.php\/wp-json\/wp\/v2\/posts\/38122\/revisions"}],"predecessor-version":[{"id":38124,"href":"https:\/\/lahora.mx\/index.php\/wp-json\/wp\/v2\/posts\/38122\/revisions\/38124"}],"wp:featuredmedia":[{"embeddable":true,"href":"https:\/\/lahora.mx\/index.php\/wp-json\/wp\/v2\/media\/38123"}],"wp:attachment":[{"href":"https:\/\/lahora.mx\/index.php\/wp-json\/wp\/v2\/media?parent=38122"}],"wp:term":[{"taxonomy":"category","embeddable":true,"href":"https:\/\/lahora.mx\/index.php\/wp-json\/wp\/v2\/categories?post=38122"},{"taxonomy":"post_tag","embeddable":true,"href":"https:\/\/lahora.mx\/index.php\/wp-json\/wp\/v2\/tags?post=38122"}],"curies":[{"name":"wp","href":"https:\/\/api.w.org\/{rel}","templated":true}]}}