{"id":38041,"date":"2023-12-04T16:22:42","date_gmt":"2023-12-04T16:22:42","guid":{"rendered":"http:\/\/lahora.mx\/?p=38041"},"modified":"2023-12-04T16:22:42","modified_gmt":"2023-12-04T16:22:42","slug":"a-semanas-de-navidad-spotify-despide-a-mil-500-empleados","status":"publish","type":"post","link":"https:\/\/lahora.mx\/index.php\/2023\/12\/04\/a-semanas-de-navidad-spotify-despide-a-mil-500-empleados\/","title":{"rendered":"A semanas de navidad Spotify despide a mil 500 empleados"},"content":{"rendered":"\n<p>Spotify anunci\u00f3 hoy 4 de diciembre de 2023 que despedir\u00e1 a mil 500 empleados, el 17% de su plantilla, para reducir costos, despu\u00e9s de haber rescindido de los servicios de 600 personas en enero y de otras 200 en junio de este a\u00f1o.<\/p>\n\n\n\n<p>Tras una ronda de recortes de plantilla a principios de a\u00f1o, algunas empresas tecnol\u00f3gicas han vuelto a reducir sus plantillas, como Amazon y LinkedIn, propiedad de Microsoft.<\/p>\n\n\n\n<p>El presidente ejecutivo de Spotify, Daniel Ek, dijo en una carta a los empleados que la compa\u00f1\u00eda contrat\u00f3 m\u00e1s trabajadores en 2020 y 2021 debido al menor costo del capital y, aunque su producci\u00f3n ha aumentado, gran parte de ella estaba vinculada a tener m\u00e1s recursos.<\/p>\n\n\n\n<p>Spotify invierte en negocio de podcasts<br>Spotify invirti\u00f3 m\u00e1s de mil millones de d\u00f3lares en desarrollar su negocio de podcasts y fich\u00f3 a celebridades como Kim Kardashian, el pr\u00edncipe Enrique y Meghan Markle, y ampli\u00f3 su presencia a la mayor\u00eda de los pa\u00edses del mundo en su intento por alcanzar los mil millones de usuarios en 2030.<\/p>\n\n\n\n<p>En el tercer trimestre de 2023, la empresa obtuvo ganancias gracias a las alzas de los precios de sus servicios de streaming y al aumento de suscriptores en todas las regiones, y pronostic\u00f3 que su n\u00famero de usuarios mensuales alcanzar\u00eda los 601 millones en el trimestre navide\u00f1o.<br>En aquel momento, Ek dijo a Reuters que la empresa segu\u00eda centr\u00e1ndose en la eficiencia para sacar m\u00e1s partido a cada d\u00f3lar. \u00abSeg\u00fan la mayor\u00eda de los indicadores, hemos sido m\u00e1s productivos pero menos eficientes. Necesitamos ambas cosas\u00bb, afirm\u00f3.<\/p>\n\n\n\n<p>La empresa empezar\u00e1 a informar a los empleados afectados el lunes, los cuales recibir\u00e1n unos cinco meses de indemnizaci\u00f3n por despido, vacaciones y cobertura sanitaria durante su salida.<\/p>\n","protected":false},"excerpt":{"rendered":"<p>Spotify anunci\u00f3 hoy 4 de diciembre de 2023 que despedir\u00e1 a mil 500 empleados, el 17% de su plantilla, para reducir costos, despu\u00e9s de haber rescindido de los servicios de 600 personas en enero y de otras 200 en junio de este a\u00f1o. Tras una ronda de recortes de plantilla a principios de a\u00f1o, algunas [&hellip;]<\/p>\n","protected":false},"author":4,"featured_media":38042,"comment_status":"open","ping_status":"open","sticky":false,"template":"","format":"standard","meta":{"om_disable_all_campaigns":false,"_monsterinsights_skip_tracking":false,"_monsterinsights_sitenote_active":false,"_monsterinsights_sitenote_note":"","_monsterinsights_sitenote_category":0,"footnotes":""},"categories":[183],"tags":[],"class_list":["post-38041","post","type-post","status-publish","format-standard","has-post-thumbnail","hentry","category-internacional"],"amp_enabled":true,"_links":{"self":[{"href":"https:\/\/lahora.mx\/index.php\/wp-json\/wp\/v2\/posts\/38041","targetHints":{"allow":["GET"]}}],"collection":[{"href":"https:\/\/lahora.mx\/index.php\/wp-json\/wp\/v2\/posts"}],"about":[{"href":"https:\/\/lahora.mx\/index.php\/wp-json\/wp\/v2\/types\/post"}],"author":[{"embeddable":true,"href":"https:\/\/lahora.mx\/index.php\/wp-json\/wp\/v2\/users\/4"}],"replies":[{"embeddable":true,"href":"https:\/\/lahora.mx\/index.php\/wp-json\/wp\/v2\/comments?post=38041"}],"version-history":[{"count":1,"href":"https:\/\/lahora.mx\/index.php\/wp-json\/wp\/v2\/posts\/38041\/revisions"}],"predecessor-version":[{"id":38043,"href":"https:\/\/lahora.mx\/index.php\/wp-json\/wp\/v2\/posts\/38041\/revisions\/38043"}],"wp:featuredmedia":[{"embeddable":true,"href":"https:\/\/lahora.mx\/index.php\/wp-json\/wp\/v2\/media\/38042"}],"wp:attachment":[{"href":"https:\/\/lahora.mx\/index.php\/wp-json\/wp\/v2\/media?parent=38041"}],"wp:term":[{"taxonomy":"category","embeddable":true,"href":"https:\/\/lahora.mx\/index.php\/wp-json\/wp\/v2\/categories?post=38041"},{"taxonomy":"post_tag","embeddable":true,"href":"https:\/\/lahora.mx\/index.php\/wp-json\/wp\/v2\/tags?post=38041"}],"curies":[{"name":"wp","href":"https:\/\/api.w.org\/{rel}","templated":true}]}}