{"id":37971,"date":"2023-12-02T01:28:35","date_gmt":"2023-12-02T01:28:35","guid":{"rendered":"http:\/\/lahora.mx\/?p=37971"},"modified":"2023-12-02T01:28:35","modified_gmt":"2023-12-02T01:28:35","slug":"ayuntamiento-retoma-trabajos-en-2-norte-y-2-oriente-tras-suspension-del-inah","status":"publish","type":"post","link":"https:\/\/lahora.mx\/index.php\/2023\/12\/02\/ayuntamiento-retoma-trabajos-en-2-norte-y-2-oriente-tras-suspension-del-inah\/","title":{"rendered":"Ayuntamiento retoma trabajos en 2 Norte y 2 Oriente tras suspensi\u00f3n del INAH"},"content":{"rendered":"\n<p>Las obras de rehabilitaci\u00f3n de la 2 Norte y 2 Oriente ser\u00e1n retomadas por la Secretar\u00eda de Movilidad e Infraestructura del municipio de Puebla despu\u00e9s de que el Instituto Nacional de Antropolog\u00eda e Historia (INAH) las suspendiera, inform\u00f3 el gerente de la ciudad, Ad\u00e1n Dom\u00ednguez S\u00e1nchez.<\/p>\n\n\n\n<p>\u201cTuvimos acercamiento con el INAH revisando el tema y se acord\u00f3 colaboraci\u00f3n, trabajar de forma conjunta y terminar las obras esta misma semana\u201d, dijo en entrevista.<\/p>\n\n\n\n<p>Fue el 28 de noviembre que el instituto coloc\u00f3 al menos dos sellos de \u00abobra suspendida\u00bb por violaci\u00f3n a la Ley Federal Sobre Monumentos y Zonas Arqueol\u00f3gicos, Art\u00edsticos e Hist\u00f3ricos\u201d.<\/p>\n\n\n\n<p>Cuestionado sobre qu\u00e9 tipo de informaci\u00f3n estaba pendiente, el gerente coment\u00f3 que se trat\u00f3 de datos t\u00e9cnicos, del mismo proyecto que se estaba ejecutando.<\/p>\n\n\n\n<p>\u00abEs informaci\u00f3n que precisa datos t\u00e9cnicos del propio proyecto, en donde hab\u00eda ciertos datos que corroborar por parte de las dos dependencias, en donde las \u00e1reas t\u00e9cnicas se pusieron de acuerdo y las \u00e1reas jur\u00eddicas se pusieron de acuerdo\u201d, mencion\u00f3.<\/p>\n\n\n\n<p>S\u00e1nchez Dom\u00ednguez dijo que, de esta forma, ambas partes ejecutar\u00e1n las acciones acordadas para garantizar la realizaci\u00f3n y conclusi\u00f3n del proyecto, y evitar molestias a la ciudadan\u00eda o al comercio local, pues se busca que en la primera semana de diciembre quede abierta la circulaci\u00f3n.<\/p>\n\n\n\n<p>Reiter\u00f3 la disposici\u00f3n del Ayuntamiento para trabajar de manera coordinada con los distintos \u00f3rdenes de gobierno en beneficio de la ciudad.<\/p>\n\n\n\n<p>Es de mencionar que el Ayuntamiento comenz\u00f3 a intervenir la 2 Oriente en sus intersecciones con 2, 4 y 6 Norte, para la construcci\u00f3n de nuevo pavimento, acondicionamiento de banquetas, colocaci\u00f3n de bolardos y mantenimiento a mobiliario urbano.<\/p>\n","protected":false},"excerpt":{"rendered":"<p>Las obras de rehabilitaci\u00f3n de la 2 Norte y 2 Oriente ser\u00e1n retomadas por la Secretar\u00eda de Movilidad e Infraestructura del municipio de Puebla despu\u00e9s de que el Instituto Nacional de Antropolog\u00eda e Historia (INAH) las suspendiera, inform\u00f3 el gerente de la ciudad, Ad\u00e1n Dom\u00ednguez S\u00e1nchez. \u201cTuvimos acercamiento con el INAH revisando el tema y [&hellip;]<\/p>\n","protected":false},"author":4,"featured_media":37972,"comment_status":"open","ping_status":"open","sticky":false,"template":"","format":"standard","meta":{"om_disable_all_campaigns":false,"_monsterinsights_skip_tracking":false,"_monsterinsights_sitenote_active":false,"_monsterinsights_sitenote_note":"","_monsterinsights_sitenote_category":0,"footnotes":""},"categories":[175],"tags":[223],"class_list":["post-37971","post","type-post","status-publish","format-standard","has-post-thumbnail","hentry","category-local","tag-puebla"],"amp_enabled":true,"_links":{"self":[{"href":"https:\/\/lahora.mx\/index.php\/wp-json\/wp\/v2\/posts\/37971","targetHints":{"allow":["GET"]}}],"collection":[{"href":"https:\/\/lahora.mx\/index.php\/wp-json\/wp\/v2\/posts"}],"about":[{"href":"https:\/\/lahora.mx\/index.php\/wp-json\/wp\/v2\/types\/post"}],"author":[{"embeddable":true,"href":"https:\/\/lahora.mx\/index.php\/wp-json\/wp\/v2\/users\/4"}],"replies":[{"embeddable":true,"href":"https:\/\/lahora.mx\/index.php\/wp-json\/wp\/v2\/comments?post=37971"}],"version-history":[{"count":1,"href":"https:\/\/lahora.mx\/index.php\/wp-json\/wp\/v2\/posts\/37971\/revisions"}],"predecessor-version":[{"id":37973,"href":"https:\/\/lahora.mx\/index.php\/wp-json\/wp\/v2\/posts\/37971\/revisions\/37973"}],"wp:featuredmedia":[{"embeddable":true,"href":"https:\/\/lahora.mx\/index.php\/wp-json\/wp\/v2\/media\/37972"}],"wp:attachment":[{"href":"https:\/\/lahora.mx\/index.php\/wp-json\/wp\/v2\/media?parent=37971"}],"wp:term":[{"taxonomy":"category","embeddable":true,"href":"https:\/\/lahora.mx\/index.php\/wp-json\/wp\/v2\/categories?post=37971"},{"taxonomy":"post_tag","embeddable":true,"href":"https:\/\/lahora.mx\/index.php\/wp-json\/wp\/v2\/tags?post=37971"}],"curies":[{"name":"wp","href":"https:\/\/api.w.org\/{rel}","templated":true}]}}