{"id":37968,"date":"2023-12-02T01:25:07","date_gmt":"2023-12-02T01:25:07","guid":{"rendered":"http:\/\/lahora.mx\/?p=37968"},"modified":"2023-12-02T01:25:08","modified_gmt":"2023-12-02T01:25:08","slug":"mala-aplicacion-de-la-ley-fomenta-violencia-contra-las-mujeres-menciona-expertas","status":"publish","type":"post","link":"https:\/\/lahora.mx\/index.php\/2023\/12\/02\/mala-aplicacion-de-la-ley-fomenta-violencia-contra-las-mujeres-menciona-expertas\/","title":{"rendered":"Mala aplicaci\u00f3n de la ley fomenta violencia contra las mujeres menciona expertas"},"content":{"rendered":"\n<p>Los errores en la aplicaci\u00f3n de las leyes existentes para proteger a las mujeres y a las infancias atentan contra la obtenci\u00f3n de justicia cuando se comete alg\u00fan delito en su contra, indicaron las ponentes del Primer Foro \u201cTipos de violencia de g\u00e9nero: Lo que nos duele en Puebla,\u201d organizado por la diputada morenista Daniela Mier Ba\u00f1uelos.<\/p>\n\n\n\n<p>Adem\u00e1s, se\u00f1alaron que la falta de difusi\u00f3n de los derechos humanos entre la poblaci\u00f3n, para que puedan disfrutarlos y exigirlos, impide que se desarrollen por completo y sepan reconocer las situaciones de riesgo en las que se encuentran.<\/p>\n\n\n\n<p>En su intervenci\u00f3n, la catedr\u00e1tica Itzel Eugenia Morales Ortiz describi\u00f3 todos los tipos y modalidades de violencia de g\u00e9nero descritos en la Ley para el Acceso de las Mujeres a una Vida Libre de Violencia del Estado de Puebla.<\/p>\n\n\n\n<p>Record\u00f3 que el estado, los municipios, el sector privado y la sociedad est\u00e1n obligados a trabajar en conjunto para prevenir y erradicar cualquier tipo de violencia en contra de las mujeres que obstaculice su desarrollo en cualquier \u00e1mbito de sus vidas.<\/p>\n\n\n\n<p>\u00ab\u00bfD\u00f3nde se puede vivir la violencia? En cualquier \u00e1mbito de la sociedad. Necesitamos reconocer e identificar la violencia de g\u00e9nero como primer paso, para que facilite el proceso de salir de ella\u00bb, detall\u00f3.<\/p>\n\n\n\n<p>La maestra en Procuraci\u00f3n de Justicia, Mar\u00eda Teresa Paredes Hern\u00e1ndez, detall\u00f3 que en la entidad la falta de empat\u00eda y aplicaci\u00f3n de protocolos de g\u00e9nero limitan la obtenci\u00f3n de justicia de las mujeres cuando se comete un delito en su contra.<\/p>\n\n\n\n<p>Dijo que, aunque hay leyes que se han impulsado desde el Congreso de Puebla y otros ordenamientos que se han homologado con disposiciones federales, es en los tribunales en d\u00f3nde se ven obstaculizados los derechos de las mujeres, desde el acceso a una correcta defensa, hasta la investigaci\u00f3n de sus casos con perspectiva de g\u00e9nero.<\/p>\n\n\n\n<p>En el foro tambi\u00e9n particip\u00f3 Jesica Estrada Santana, una de las primeras v\u00edctimas de Violencia Vicar\u00eda en Puebla que despu\u00e9s de dos a\u00f1os pudo recuperar a sus hijas, y la diputada Daniela Mier Ba\u00f1uelos, quien se asumi\u00f3 como v\u00edctima de la violencia machista.<\/p>\n","protected":false},"excerpt":{"rendered":"<p>Los errores en la aplicaci\u00f3n de las leyes existentes para proteger a las mujeres y a las infancias atentan contra la obtenci\u00f3n de justicia cuando se comete alg\u00fan delito en su contra, indicaron las ponentes del Primer Foro \u201cTipos de violencia de g\u00e9nero: Lo que nos duele en Puebla,\u201d organizado por la diputada morenista Daniela [&hellip;]<\/p>\n","protected":false},"author":4,"featured_media":37969,"comment_status":"open","ping_status":"open","sticky":false,"template":"","format":"standard","meta":{"om_disable_all_campaigns":false,"_monsterinsights_skip_tracking":false,"_monsterinsights_sitenote_active":false,"_monsterinsights_sitenote_note":"","_monsterinsights_sitenote_category":0,"footnotes":""},"categories":[175],"tags":[223],"class_list":["post-37968","post","type-post","status-publish","format-standard","has-post-thumbnail","hentry","category-local","tag-puebla"],"amp_enabled":true,"_links":{"self":[{"href":"https:\/\/lahora.mx\/index.php\/wp-json\/wp\/v2\/posts\/37968","targetHints":{"allow":["GET"]}}],"collection":[{"href":"https:\/\/lahora.mx\/index.php\/wp-json\/wp\/v2\/posts"}],"about":[{"href":"https:\/\/lahora.mx\/index.php\/wp-json\/wp\/v2\/types\/post"}],"author":[{"embeddable":true,"href":"https:\/\/lahora.mx\/index.php\/wp-json\/wp\/v2\/users\/4"}],"replies":[{"embeddable":true,"href":"https:\/\/lahora.mx\/index.php\/wp-json\/wp\/v2\/comments?post=37968"}],"version-history":[{"count":1,"href":"https:\/\/lahora.mx\/index.php\/wp-json\/wp\/v2\/posts\/37968\/revisions"}],"predecessor-version":[{"id":37970,"href":"https:\/\/lahora.mx\/index.php\/wp-json\/wp\/v2\/posts\/37968\/revisions\/37970"}],"wp:featuredmedia":[{"embeddable":true,"href":"https:\/\/lahora.mx\/index.php\/wp-json\/wp\/v2\/media\/37969"}],"wp:attachment":[{"href":"https:\/\/lahora.mx\/index.php\/wp-json\/wp\/v2\/media?parent=37968"}],"wp:term":[{"taxonomy":"category","embeddable":true,"href":"https:\/\/lahora.mx\/index.php\/wp-json\/wp\/v2\/categories?post=37968"},{"taxonomy":"post_tag","embeddable":true,"href":"https:\/\/lahora.mx\/index.php\/wp-json\/wp\/v2\/tags?post=37968"}],"curies":[{"name":"wp","href":"https:\/\/api.w.org\/{rel}","templated":true}]}}