{"id":37964,"date":"2023-12-02T01:23:33","date_gmt":"2023-12-02T01:23:33","guid":{"rendered":"http:\/\/lahora.mx\/?p=37964"},"modified":"2023-12-02T01:23:34","modified_gmt":"2023-12-02T01:23:34","slug":"edil-de-coyomeapan-aquino-limon-esta-dispuesto-a-dejar-su-cargo","status":"publish","type":"post","link":"https:\/\/lahora.mx\/index.php\/2023\/12\/02\/edil-de-coyomeapan-aquino-limon-esta-dispuesto-a-dejar-su-cargo\/","title":{"rendered":"Edil de Coyomeapan, Aquino Lim\u00f3n esta dispuesto a dejar su cargo"},"content":{"rendered":"\n<p>El secretario de Gobernaci\u00f3n estatal, Javier Aquino Lim\u00f3n confi\u00f3 que el Congreso de Puebla tome una decisi\u00f3n \u00abprudente y adecuada\u00bb respecto a la destituci\u00f3n del presidente del municipio de Coyomeapan.<\/p>\n\n\n\n<p>Aquino Lim\u00f3n asegur\u00f3 que el edil Rodolfo Garc\u00eda L\u00f3pez estar\u00eda de acuerdo en su destituci\u00f3n para lograr que la paz social prime sobre intereses personales, aunque dijo que puede hacer valer sus derechos pol\u00edticos.<\/p>\n\n\n\n<p>Dentro de la negociaci\u00f3n que logr\u00f3 el gobierno de Puebla con los pobladores de esa demarcaci\u00f3n, \u00e9stos solicitaron la disoluci\u00f3n del gobierno municipal que rechazaron desde las pasadas elecciones en 2021.<\/p>\n\n\n\n<p>Apertura del tr\u00e1nsito en Coyomeapan permitir\u00e1 ingreso de fuerzas de seguridad<\/p>\n\n\n\n<p>El secretario de gobernaci\u00f3n refiri\u00f3 que con la apertura del tr\u00e1nsito existen condiciones de gobernabilidad para que pueda realizarse la jornada electoral del 2024 en condiciones adecuadas.<\/p>\n\n\n\n<p>Dentro del acuerdo que logr\u00f3 el retiro del ret\u00e9n en el \u00e1rea conocida como \u00abquitapon\u00bb, se estipula la permisi\u00f3n de ingreso para la Secretar\u00eda de Seguridad Auxiliar, Polic\u00eda Estatal y Guardia Nacional.<\/p>\n\n\n\n<p>El funcionario estatal indic\u00f3 que con la disoluci\u00f3n del ret\u00e9n, con el que la poblaci\u00f3n buscaba evitar el ingreso de personas ajenas a Coyomeapan, ahora podr\u00e1n contribuir con estrategias de seguridad a cargo del gobierno de Puebla.<\/p>\n","protected":false},"excerpt":{"rendered":"<p>El secretario de Gobernaci\u00f3n estatal, Javier Aquino Lim\u00f3n confi\u00f3 que el Congreso de Puebla tome una decisi\u00f3n \u00abprudente y adecuada\u00bb respecto a la destituci\u00f3n del presidente del municipio de Coyomeapan. Aquino Lim\u00f3n asegur\u00f3 que el edil Rodolfo Garc\u00eda L\u00f3pez estar\u00eda de acuerdo en su destituci\u00f3n para lograr que la paz social prime sobre intereses personales, [&hellip;]<\/p>\n","protected":false},"author":4,"featured_media":37966,"comment_status":"open","ping_status":"open","sticky":false,"template":"","format":"standard","meta":{"om_disable_all_campaigns":false,"_monsterinsights_skip_tracking":false,"_monsterinsights_sitenote_active":false,"_monsterinsights_sitenote_note":"","_monsterinsights_sitenote_category":0,"footnotes":""},"categories":[175],"tags":[195,223],"class_list":["post-37964","post","type-post","status-publish","format-standard","has-post-thumbnail","hentry","category-local","tag-principal","tag-puebla"],"amp_enabled":true,"_links":{"self":[{"href":"https:\/\/lahora.mx\/index.php\/wp-json\/wp\/v2\/posts\/37964","targetHints":{"allow":["GET"]}}],"collection":[{"href":"https:\/\/lahora.mx\/index.php\/wp-json\/wp\/v2\/posts"}],"about":[{"href":"https:\/\/lahora.mx\/index.php\/wp-json\/wp\/v2\/types\/post"}],"author":[{"embeddable":true,"href":"https:\/\/lahora.mx\/index.php\/wp-json\/wp\/v2\/users\/4"}],"replies":[{"embeddable":true,"href":"https:\/\/lahora.mx\/index.php\/wp-json\/wp\/v2\/comments?post=37964"}],"version-history":[{"count":2,"href":"https:\/\/lahora.mx\/index.php\/wp-json\/wp\/v2\/posts\/37964\/revisions"}],"predecessor-version":[{"id":37967,"href":"https:\/\/lahora.mx\/index.php\/wp-json\/wp\/v2\/posts\/37964\/revisions\/37967"}],"wp:featuredmedia":[{"embeddable":true,"href":"https:\/\/lahora.mx\/index.php\/wp-json\/wp\/v2\/media\/37966"}],"wp:attachment":[{"href":"https:\/\/lahora.mx\/index.php\/wp-json\/wp\/v2\/media?parent=37964"}],"wp:term":[{"taxonomy":"category","embeddable":true,"href":"https:\/\/lahora.mx\/index.php\/wp-json\/wp\/v2\/categories?post=37964"},{"taxonomy":"post_tag","embeddable":true,"href":"https:\/\/lahora.mx\/index.php\/wp-json\/wp\/v2\/tags?post=37964"}],"curies":[{"name":"wp","href":"https:\/\/api.w.org\/{rel}","templated":true}]}}