{"id":37932,"date":"2023-12-01T16:39:39","date_gmt":"2023-12-01T16:39:39","guid":{"rendered":"http:\/\/lahora.mx\/?p=37932"},"modified":"2023-12-01T16:39:40","modified_gmt":"2023-12-01T16:39:40","slug":"israel-confirma-que-aun-hay-137-rehenes-en-gaza","status":"publish","type":"post","link":"https:\/\/lahora.mx\/index.php\/2023\/12\/01\/israel-confirma-que-aun-hay-137-rehenes-en-gaza\/","title":{"rendered":"Israel confirma que a\u00fan hay 137 rehenes en Gaza"},"content":{"rendered":"\n<p>Despu\u00e9s de siete d\u00edas de tregua humanitaria en la franja de Gaza, este viernes 1 de diciembre se dio por terminado el alto al fuego, por lo que el ej\u00e9rcito de Israel resumi\u00f3 el bombardeo al territorio palestino.<\/p>\n\n\n\n<p>A pesar de que durante la tregua se logr\u00f3 la liberaci\u00f3n de 110 rehenes que Hamas manten\u00eda cautivos, el gobierno de Israel acus\u00f3 a la agrupaci\u00f3n terrorista de no haber llegado a un acuerdo para prolongar la pausa de hostilidades.<\/p>\n\n\n\n<p>Un portavoz de la oficina del Primer Ministro israel\u00ed, \u201cdesafortunadamente, Ham\u00e1s decidi\u00f3 poner fin a la pausa al no liberar a todas las mujeres secuestradas. Habiendo decidido retener a nuestras mujeres, Ham\u00e1s ahora recibir\u00e1 la madre de todos los golpes\u201d.<\/p>\n\n\n\n<p>De acuerdo con el gobierno de Israel, Hamas a\u00fan mantiene cautivas en la franja de Gaza a 137 personas, 115 hombres, 20 mujeres y dos ni\u00f1os, entre los que se encuentran 10 adultos mayores de 75 a\u00f1os.<\/p>\n\n\n\n<p>De los cautivos que Hamas todav\u00eda no libera, 126 son de nacionalidad israel\u00ed; de los 11 restantes, ocho son tailandeses, mientras que los otros tres rehenes son de nacionalidad nepal\u00ed, tanzana y franco-mexicana.<\/p>\n\n\n\n<p>Asimismo, a trav\u00e9s de redes sociales, el gobierno israel\u00ed culp\u00f3 a la agrupaci\u00f3n palestina de ser los primeros en romper la tregua al negarse a liberar a las mujeres que a\u00fan mantienen cautivas, adem\u00e1s de haber lanzado misiles contra civiles israel\u00edes.<\/p>\n\n\n\n<p>El Primer Ministro se\u00f1al\u00f3 que est\u00e1n comprometidos a lograr los objetivos que se establecieron al principio de la guerra: liberar a todos los rehenes, eliminar a Hamas y asegurarse que Gaza nunca vuelva a constituir una amenaza para los residentes de Israel.<\/p>\n\n\n\n<p>Durante el cese al fuego, Hamas liber\u00f3 a 105 rehenes, de los cuales 81 eran israel\u00edes y 24 extranjeros, mientras que Israel excarcel\u00f3 a 240 presos palestinos, de los cuales todos eran mujeres o menores de edad.<\/p>\n","protected":false},"excerpt":{"rendered":"<p>Despu\u00e9s de siete d\u00edas de tregua humanitaria en la franja de Gaza, este viernes 1 de diciembre se dio por terminado el alto al fuego, por lo que el ej\u00e9rcito de Israel resumi\u00f3 el bombardeo al territorio palestino. A pesar de que durante la tregua se logr\u00f3 la liberaci\u00f3n de 110 rehenes que Hamas manten\u00eda [&hellip;]<\/p>\n","protected":false},"author":4,"featured_media":37933,"comment_status":"open","ping_status":"open","sticky":false,"template":"","format":"standard","meta":{"om_disable_all_campaigns":false,"_monsterinsights_skip_tracking":false,"_monsterinsights_sitenote_active":false,"_monsterinsights_sitenote_note":"","_monsterinsights_sitenote_category":0,"footnotes":""},"categories":[183],"tags":[],"class_list":["post-37932","post","type-post","status-publish","format-standard","has-post-thumbnail","hentry","category-internacional"],"amp_enabled":true,"_links":{"self":[{"href":"https:\/\/lahora.mx\/index.php\/wp-json\/wp\/v2\/posts\/37932","targetHints":{"allow":["GET"]}}],"collection":[{"href":"https:\/\/lahora.mx\/index.php\/wp-json\/wp\/v2\/posts"}],"about":[{"href":"https:\/\/lahora.mx\/index.php\/wp-json\/wp\/v2\/types\/post"}],"author":[{"embeddable":true,"href":"https:\/\/lahora.mx\/index.php\/wp-json\/wp\/v2\/users\/4"}],"replies":[{"embeddable":true,"href":"https:\/\/lahora.mx\/index.php\/wp-json\/wp\/v2\/comments?post=37932"}],"version-history":[{"count":1,"href":"https:\/\/lahora.mx\/index.php\/wp-json\/wp\/v2\/posts\/37932\/revisions"}],"predecessor-version":[{"id":37934,"href":"https:\/\/lahora.mx\/index.php\/wp-json\/wp\/v2\/posts\/37932\/revisions\/37934"}],"wp:featuredmedia":[{"embeddable":true,"href":"https:\/\/lahora.mx\/index.php\/wp-json\/wp\/v2\/media\/37933"}],"wp:attachment":[{"href":"https:\/\/lahora.mx\/index.php\/wp-json\/wp\/v2\/media?parent=37932"}],"wp:term":[{"taxonomy":"category","embeddable":true,"href":"https:\/\/lahora.mx\/index.php\/wp-json\/wp\/v2\/categories?post=37932"},{"taxonomy":"post_tag","embeddable":true,"href":"https:\/\/lahora.mx\/index.php\/wp-json\/wp\/v2\/tags?post=37932"}],"curies":[{"name":"wp","href":"https:\/\/api.w.org\/{rel}","templated":true}]}}