{"id":37785,"date":"2023-11-30T23:01:13","date_gmt":"2023-11-30T23:01:13","guid":{"rendered":"http:\/\/lahora.mx\/?p=37785"},"modified":"2023-11-30T23:01:14","modified_gmt":"2023-11-30T23:01:14","slug":"sedena-incrementara-servicios-del-aeropuerto-en-puebla-asi-lo-senalo-el-gobernador","status":"publish","type":"post","link":"https:\/\/lahora.mx\/index.php\/2023\/11\/30\/sedena-incrementara-servicios-del-aeropuerto-en-puebla-asi-lo-senalo-el-gobernador\/","title":{"rendered":"Sedena incrementar\u00e1 servicios del Aeropuerto en Puebla as\u00ed lo se\u00f1al\u00f3 el gobernador"},"content":{"rendered":"\n<p>Ahora que el Aeropuerto Internacional Hermanos Serd\u00e1n ser\u00e1 administrado por la Secretar\u00eda de la Defensa Nacional (Sedena), las condiciones de los vuelos tanto tur\u00edsticos como de carga en el estado de Puebla ver\u00e1n mejoras.<\/p>\n\n\n\n<p>As\u00ed lo se\u00f1al\u00f3 el gobernador Sergio Salom\u00f3n C\u00e9spedes Peregrina, quien aplaudi\u00f3 esta medida federal que busca mejorar los aeropuertos en el pa\u00eds, adem\u00e1s de que espera que la entidad poblana pueda incrementar los vuelos ahora que habr\u00e1 m\u00e1s seguridad en la terminal a\u00e9rea.<\/p>\n\n\n\n<p>Asimismo, indic\u00f3 que la estrategia mejorar\u00e1 la operaci\u00f3n de la sede que se ubica en el municipio de Huejotzingo, lo que se ver\u00e1 reflejado en la econom\u00eda local al incrementar el n\u00famero de vuelos comerciales y tambi\u00e9n los viajes de carga de productos.<\/p>\n\n\n\n<p>\u00abEs una decisi\u00f3n federal. Esperamos que esto nos permita que siga creciendo el potencial que se tiene; ya la cantidad de pasajeros a destinos tur\u00edsticos es importante, pero se tienen que mejorar las condiciones\u00bb, coment\u00f3.<\/p>\n\n\n\n<p>C\u00e9spedes Peregrina apunt\u00f3 que la nueva administraci\u00f3n mejorar\u00e1 las condiciones, adem\u00e1s de que es parte del Programa Institucional de la Empresa de Participaci\u00f3n Estatal Mayoritaria Grupo Aeroportuario Tur\u00edstico Mexicano, S.A. de C.V. 2023-2024.<\/p>\n\n\n\n<p>De acuerdo a Aeropuertos y Servicios Auxiliares (ASA), que administraba el aeropuerto poblano antes de que la Sedena se hiciera cargo, report\u00f3 que de enero a octubre de este a\u00f1o el aeropuerto de Puebla increment\u00f3 17.2 por ciento el flujo de pasajeros y hasta un 74 por ciento los viajes de carga.<\/p>\n\n\n\n<p>Con el decreto emitido en el Peri\u00f3dico Oficial de la Federaci\u00f3n (POF), la Sedena administrar\u00e1, operar\u00e1 y explotar\u00e1 12 aeropuertos del pa\u00eds, incluido Puebla y otros ubicados en Ciudad del Carmen, Campeche; Ciudad Obreg\u00f3n y Guaymas, Sonora; Felipe \u00c1ngeles en Estado de M\u00e9xico; Tulum en Quintana Roo y Nuevo Laredo, Tamaulipas, entre otros.<\/p>\n","protected":false},"excerpt":{"rendered":"<p>Ahora que el Aeropuerto Internacional Hermanos Serd\u00e1n ser\u00e1 administrado por la Secretar\u00eda de la Defensa Nacional (Sedena), las condiciones de los vuelos tanto tur\u00edsticos como de carga en el estado de Puebla ver\u00e1n mejoras. As\u00ed lo se\u00f1al\u00f3 el gobernador Sergio Salom\u00f3n C\u00e9spedes Peregrina, quien aplaudi\u00f3 esta medida federal que busca mejorar los aeropuertos en el [&hellip;]<\/p>\n","protected":false},"author":4,"featured_media":37786,"comment_status":"open","ping_status":"open","sticky":false,"template":"","format":"standard","meta":{"om_disable_all_campaigns":false,"_monsterinsights_skip_tracking":false,"_monsterinsights_sitenote_active":false,"_monsterinsights_sitenote_note":"","_monsterinsights_sitenote_category":0,"footnotes":""},"categories":[175],"tags":[223],"class_list":["post-37785","post","type-post","status-publish","format-standard","has-post-thumbnail","hentry","category-local","tag-puebla"],"amp_enabled":true,"_links":{"self":[{"href":"https:\/\/lahora.mx\/index.php\/wp-json\/wp\/v2\/posts\/37785","targetHints":{"allow":["GET"]}}],"collection":[{"href":"https:\/\/lahora.mx\/index.php\/wp-json\/wp\/v2\/posts"}],"about":[{"href":"https:\/\/lahora.mx\/index.php\/wp-json\/wp\/v2\/types\/post"}],"author":[{"embeddable":true,"href":"https:\/\/lahora.mx\/index.php\/wp-json\/wp\/v2\/users\/4"}],"replies":[{"embeddable":true,"href":"https:\/\/lahora.mx\/index.php\/wp-json\/wp\/v2\/comments?post=37785"}],"version-history":[{"count":1,"href":"https:\/\/lahora.mx\/index.php\/wp-json\/wp\/v2\/posts\/37785\/revisions"}],"predecessor-version":[{"id":37787,"href":"https:\/\/lahora.mx\/index.php\/wp-json\/wp\/v2\/posts\/37785\/revisions\/37787"}],"wp:featuredmedia":[{"embeddable":true,"href":"https:\/\/lahora.mx\/index.php\/wp-json\/wp\/v2\/media\/37786"}],"wp:attachment":[{"href":"https:\/\/lahora.mx\/index.php\/wp-json\/wp\/v2\/media?parent=37785"}],"wp:term":[{"taxonomy":"category","embeddable":true,"href":"https:\/\/lahora.mx\/index.php\/wp-json\/wp\/v2\/categories?post=37785"},{"taxonomy":"post_tag","embeddable":true,"href":"https:\/\/lahora.mx\/index.php\/wp-json\/wp\/v2\/tags?post=37785"}],"curies":[{"name":"wp","href":"https:\/\/api.w.org\/{rel}","templated":true}]}}