{"id":37762,"date":"2023-11-30T17:40:51","date_gmt":"2023-11-30T17:40:51","guid":{"rendered":"http:\/\/lahora.mx\/?p=37762"},"modified":"2023-11-30T17:40:51","modified_gmt":"2023-11-30T17:40:51","slug":"asi-sera-la-ruta-de-la-caravana-coca-cola-2023-en-puebla","status":"publish","type":"post","link":"https:\/\/lahora.mx\/index.php\/2023\/11\/30\/asi-sera-la-ruta-de-la-caravana-coca-cola-2023-en-puebla\/","title":{"rendered":"As\u00ed ser\u00e1 la ruta de la Caravana Coca-Cola 2023 en Puebla\u00a0"},"content":{"rendered":"\n<p>La caravana Coca Cola se llevar\u00e1 a cabo de 5 de la tarde a 10 de la noche el pr\u00f3ximo lunes 4 de diciembre en el bulevar 5 de Mayo, con varios accesos cerrados, seg\u00fan inform\u00f3 el Ayuntamiento de Puebla.<\/p>\n\n\n\n<p>El recorrido comenzar\u00e1 en el arco ubicado en la entrada de los Fuertes de Loreto y Guadalupe, finalizando en el parque Benito Ju\u00e1rez.<\/p>\n\n\n\n<p>El desfile, que contar\u00e1 con la participaci\u00f3n de los ositos Coca Cola, Santa Claus, duendes, entre otros, transitar\u00e1 por todo el bulevar 5 de Mayo.<\/p>\n\n\n\n<p>Se espera la asistencia de 300 mil personas, y el gobierno municipal de Puebla asegur\u00f3 que habr\u00e1 medidas de seguridad para garantizar el desarrollo del evento.<\/p>\n","protected":false},"excerpt":{"rendered":"<p>La caravana Coca Cola se llevar\u00e1 a cabo de 5 de la tarde a 10 de la noche el pr\u00f3ximo lunes 4 de diciembre en el bulevar 5 de Mayo, con varios accesos cerrados, seg\u00fan inform\u00f3 el Ayuntamiento de Puebla. El recorrido comenzar\u00e1 en el arco ubicado en la entrada de los Fuertes de Loreto [&hellip;]<\/p>\n","protected":false},"author":4,"featured_media":37763,"comment_status":"open","ping_status":"open","sticky":false,"template":"","format":"standard","meta":{"om_disable_all_campaigns":false,"_monsterinsights_skip_tracking":false,"_monsterinsights_sitenote_active":false,"_monsterinsights_sitenote_note":"","_monsterinsights_sitenote_category":0,"footnotes":""},"categories":[3,175],"tags":[223],"class_list":["post-37762","post","type-post","status-publish","format-standard","has-post-thumbnail","hentry","category-entretenimiento","category-local","tag-puebla"],"amp_enabled":true,"_links":{"self":[{"href":"https:\/\/lahora.mx\/index.php\/wp-json\/wp\/v2\/posts\/37762","targetHints":{"allow":["GET"]}}],"collection":[{"href":"https:\/\/lahora.mx\/index.php\/wp-json\/wp\/v2\/posts"}],"about":[{"href":"https:\/\/lahora.mx\/index.php\/wp-json\/wp\/v2\/types\/post"}],"author":[{"embeddable":true,"href":"https:\/\/lahora.mx\/index.php\/wp-json\/wp\/v2\/users\/4"}],"replies":[{"embeddable":true,"href":"https:\/\/lahora.mx\/index.php\/wp-json\/wp\/v2\/comments?post=37762"}],"version-history":[{"count":1,"href":"https:\/\/lahora.mx\/index.php\/wp-json\/wp\/v2\/posts\/37762\/revisions"}],"predecessor-version":[{"id":37764,"href":"https:\/\/lahora.mx\/index.php\/wp-json\/wp\/v2\/posts\/37762\/revisions\/37764"}],"wp:featuredmedia":[{"embeddable":true,"href":"https:\/\/lahora.mx\/index.php\/wp-json\/wp\/v2\/media\/37763"}],"wp:attachment":[{"href":"https:\/\/lahora.mx\/index.php\/wp-json\/wp\/v2\/media?parent=37762"}],"wp:term":[{"taxonomy":"category","embeddable":true,"href":"https:\/\/lahora.mx\/index.php\/wp-json\/wp\/v2\/categories?post=37762"},{"taxonomy":"post_tag","embeddable":true,"href":"https:\/\/lahora.mx\/index.php\/wp-json\/wp\/v2\/tags?post=37762"}],"curies":[{"name":"wp","href":"https:\/\/api.w.org\/{rel}","templated":true}]}}