{"id":37759,"date":"2023-11-30T17:36:44","date_gmt":"2023-11-30T17:36:44","guid":{"rendered":"http:\/\/lahora.mx\/?p=37759"},"modified":"2023-11-30T17:36:45","modified_gmt":"2023-11-30T17:36:45","slug":"vinculan-a-proceso-edil-de-la-resurreccion-tras-protesta-en-palacio-municipal","status":"publish","type":"post","link":"https:\/\/lahora.mx\/index.php\/2023\/11\/30\/vinculan-a-proceso-edil-de-la-resurreccion-tras-protesta-en-palacio-municipal\/","title":{"rendered":"Vinculan a proceso Edil de La Resurrecci\u00f3n, tras protesta en Palacio Municipal"},"content":{"rendered":"\n<p>Adolfo \u00abN\u00bb, edil de La Resurrecci\u00f3n y dos habitantes que fueron detenidos tras la protesta realizada en el Palacio Municipal, fueron vinculados a proceso para que se les investigue por el delito de lesiones, robo agravado, mot\u00edn y da\u00f1o a propiedad ajena.<\/p>\n\n\n\n<p>Como ya se hab\u00eda informado en e-consulta, la primera audiencia inicial se llev\u00f3 a cabo el s\u00e1bado 25 de noviembre en donde se le imput\u00f3 los delitos a Adolfo N., as\u00ed como a Adri\u00e1n N., y Jehu N.<\/p>\n\n\n\n<p>Fue hasta ayer mi\u00e9rcoles 29 de noviembre que el juez del caso determin\u00f3 tres meses para la investigaci\u00f3n complementaria, mientras tanto, seguir\u00e1 en prisi\u00f3n el edil auxiliar de La Resurrecci\u00f3n hasta que su proceso legal se resuelva.<\/p>\n\n\n\n<p>Es de mencionar que el da\u00f1o en propiedad ajena asciende a un monto de 200 mil pesos, debido a que durante la protesta se realizaron destrozos en la puerta del Palacio Municipal, a las macetas que se encuentran afuera del mismo y los vitrales de la oficina de Turismo que rompieron los manifestantes.<\/p>\n\n\n\n<p>El 21 de noviembre, habitantes de La Resurrecci\u00f3n tomaron las instalaciones del Palacio Municipal por m\u00e1s de ocho horas para expresar su inconformidad por la clausura de al menos seis establecimientos, manifestaci\u00f3n que desat\u00f3 un violento enfrentamiento con la Polic\u00eda Municipal luego de que exigieran que sus demandas fueran resueltas por el Ayuntamiento.<\/p>\n\n\n\n<p>La Resurrecci\u00f3n: Eduardo Rivera garantiza servicios y gobernabilidad<br>Por lo anterior, el presidente municipal de Puebla, Eduardo Rivera, dijo que la Secretar\u00eda de Gobernaci\u00f3n efectuar\u00e1 las acciones pertinentes para sustituir al edil de La Resurrecci\u00f3n a fin de garantizar la gobernabilidad.<\/p>\n\n\n\n<p>\u00abTengan la certeza de que continuaremos trabajando y vamos a seguir garantizando la gobernabilidad, los servicios y el trabajo que se est\u00e1n realizando en todas las dem\u00e1s (juntas auxiliares) incluyendo La Resurrecci\u00f3n\u00bb, dijo en entrevista desde San Jos\u00e9 Mayorazgo.<\/p>\n\n\n\n<p>Rivera P\u00e9rez recalc\u00f3 que no va a dejar de hacer actos de autoridad, pues como edil debe propiciar el orden, legalidad, respeto y aplicaci\u00f3n de la ley.<\/p>\n\n\n\n<p>\u00abAquellos que cometieron estos hechos violentos les aseguro que no representan a la poblaci\u00f3n de La Resurrecci\u00f3n, fueron 200 personas las que se involucraron. Lamentablemente tres personas fueron demandadas porque lideraron este acto de violencia en contra de la administraci\u00f3n\u00bb, concluy\u00f3 el edil.<\/p>\n","protected":false},"excerpt":{"rendered":"<p>Adolfo \u00abN\u00bb, edil de La Resurrecci\u00f3n y dos habitantes que fueron detenidos tras la protesta realizada en el Palacio Municipal, fueron vinculados a proceso para que se les investigue por el delito de lesiones, robo agravado, mot\u00edn y da\u00f1o a propiedad ajena. Como ya se hab\u00eda informado en e-consulta, la primera audiencia inicial se llev\u00f3 [&hellip;]<\/p>\n","protected":false},"author":4,"featured_media":37760,"comment_status":"open","ping_status":"open","sticky":false,"template":"","format":"standard","meta":{"om_disable_all_campaigns":false,"_monsterinsights_skip_tracking":false,"_monsterinsights_sitenote_active":false,"_monsterinsights_sitenote_note":"","_monsterinsights_sitenote_category":0,"footnotes":""},"categories":[175],"tags":[195,223],"class_list":["post-37759","post","type-post","status-publish","format-standard","has-post-thumbnail","hentry","category-local","tag-principal","tag-puebla"],"amp_enabled":true,"_links":{"self":[{"href":"https:\/\/lahora.mx\/index.php\/wp-json\/wp\/v2\/posts\/37759","targetHints":{"allow":["GET"]}}],"collection":[{"href":"https:\/\/lahora.mx\/index.php\/wp-json\/wp\/v2\/posts"}],"about":[{"href":"https:\/\/lahora.mx\/index.php\/wp-json\/wp\/v2\/types\/post"}],"author":[{"embeddable":true,"href":"https:\/\/lahora.mx\/index.php\/wp-json\/wp\/v2\/users\/4"}],"replies":[{"embeddable":true,"href":"https:\/\/lahora.mx\/index.php\/wp-json\/wp\/v2\/comments?post=37759"}],"version-history":[{"count":1,"href":"https:\/\/lahora.mx\/index.php\/wp-json\/wp\/v2\/posts\/37759\/revisions"}],"predecessor-version":[{"id":37761,"href":"https:\/\/lahora.mx\/index.php\/wp-json\/wp\/v2\/posts\/37759\/revisions\/37761"}],"wp:featuredmedia":[{"embeddable":true,"href":"https:\/\/lahora.mx\/index.php\/wp-json\/wp\/v2\/media\/37760"}],"wp:attachment":[{"href":"https:\/\/lahora.mx\/index.php\/wp-json\/wp\/v2\/media?parent=37759"}],"wp:term":[{"taxonomy":"category","embeddable":true,"href":"https:\/\/lahora.mx\/index.php\/wp-json\/wp\/v2\/categories?post=37759"},{"taxonomy":"post_tag","embeddable":true,"href":"https:\/\/lahora.mx\/index.php\/wp-json\/wp\/v2\/tags?post=37759"}],"curies":[{"name":"wp","href":"https:\/\/api.w.org\/{rel}","templated":true}]}}