{"id":37756,"date":"2023-11-30T17:18:44","date_gmt":"2023-11-30T17:18:44","guid":{"rendered":"http:\/\/lahora.mx\/?p=37756"},"modified":"2023-11-30T17:18:44","modified_gmt":"2023-11-30T17:18:44","slug":"trabajos-de-alineacion-de-la-2-norte-y-2-oriente-culminaran-el-1-de-diciembre","status":"publish","type":"post","link":"https:\/\/lahora.mx\/index.php\/2023\/11\/30\/trabajos-de-alineacion-de-la-2-norte-y-2-oriente-culminaran-el-1-de-diciembre\/","title":{"rendered":"Trabajos de alineaci\u00f3n de la 2 Norte y 2 Oriente culminar\u00e1n el 1 de diciembre"},"content":{"rendered":"\n<p>Este viernes concluir\u00e1n los trabajos de alineaci\u00f3n de la 2 Norte y 2 Sur, anunci\u00f3 el secretario de Infraestructura y Movilidad, Edgar V\u00e9lez Tirado, despu\u00e9s de la suspensi\u00f3n ordenada por el INAH, el martes 28 previo.<\/p>\n\n\n\n<p>Advirti\u00f3 que la administraci\u00f3n municipal no pagar\u00e1 ninguna multa al Instituto Nacional de Antropolog\u00eda e Historia (INAH), por la suspensi\u00f3n de la obra.<\/p>\n\n\n\n<p>La suspensi\u00f3n de la obra, concluy\u00f3 la tarde de la v\u00edspera, cuando se observ\u00f3 a trabajadores de la dependencia compa\u00f1eros de herramientas de la administraci\u00f3n municipal para continuar con el proceso de la ejecuci\u00f3n.<\/p>\n\n\n\n<p>Pero aclar\u00f3 que el \u00fanico crucero de la zona nororiente, que quedar\u00e1 pendiente, ser\u00e1 el de la 4 y 6 por el alto flujo vehicular y ventas.<\/p>\n\n\n\n<p>Record\u00f3 que se aproxima la temporada navide\u00f1a y existe alto flujo de ventas y personas en el Centro Hist\u00f3rico, pero el 4 de diciembre se concluir\u00e1n los trabajos, como est\u00e1n programados en la bit\u00e1cora.<\/p>\n\n\n\n<p>En las zonas de alineamiento del arroyo vial, se tender\u00e1 una carpeta de concreto hidr\u00e1ulico, la rehabilitaci\u00f3n de aceras, instalaci\u00f3n de bolardos y se desarrollar\u00e1n acciones de mantenimiento a mobiliario urbano.<\/p>\n\n\n\n<p>Adem\u00e1s se eficientar\u00e1 la base hidr\u00e1ulica y se notar\u00e1 el concreto hidr\u00e1ulico, las acciones se desarrollar\u00e1n durante las 24 horas del d\u00eda, pero existir\u00e1 la se\u00f1al\u00e9tica para prevenir incidentes.<\/p>\n\n\n\n<p>La Direcci\u00f3n de Control de Tr\u00e1nsito mantiene un operativo con el cierre de la circulaci\u00f3n vehicular en la 2 Oriente de la 2 Norte al bulevar 5 de Mayo, adem\u00e1s de la 2 Norte entre 2 y 4 Oriente. Las autoridades recomiendan tomar como v\u00edas alternas las calles 12 y 14 Poniente-Oriente, pero tambi\u00e9n la 9, 11, 15 y 17 Oriente-Poniente.<\/p>\n","protected":false},"excerpt":{"rendered":"<p>Este viernes concluir\u00e1n los trabajos de alineaci\u00f3n de la 2 Norte y 2 Sur, anunci\u00f3 el secretario de Infraestructura y Movilidad, Edgar V\u00e9lez Tirado, despu\u00e9s de la suspensi\u00f3n ordenada por el INAH, el martes 28 previo. Advirti\u00f3 que la administraci\u00f3n municipal no pagar\u00e1 ninguna multa al Instituto Nacional de Antropolog\u00eda e Historia (INAH), por la [&hellip;]<\/p>\n","protected":false},"author":4,"featured_media":37757,"comment_status":"open","ping_status":"open","sticky":false,"template":"","format":"standard","meta":{"om_disable_all_campaigns":false,"_monsterinsights_skip_tracking":false,"_monsterinsights_sitenote_active":false,"_monsterinsights_sitenote_note":"","_monsterinsights_sitenote_category":0,"footnotes":""},"categories":[175],"tags":[195,223],"class_list":["post-37756","post","type-post","status-publish","format-standard","has-post-thumbnail","hentry","category-local","tag-principal","tag-puebla"],"amp_enabled":true,"_links":{"self":[{"href":"https:\/\/lahora.mx\/index.php\/wp-json\/wp\/v2\/posts\/37756","targetHints":{"allow":["GET"]}}],"collection":[{"href":"https:\/\/lahora.mx\/index.php\/wp-json\/wp\/v2\/posts"}],"about":[{"href":"https:\/\/lahora.mx\/index.php\/wp-json\/wp\/v2\/types\/post"}],"author":[{"embeddable":true,"href":"https:\/\/lahora.mx\/index.php\/wp-json\/wp\/v2\/users\/4"}],"replies":[{"embeddable":true,"href":"https:\/\/lahora.mx\/index.php\/wp-json\/wp\/v2\/comments?post=37756"}],"version-history":[{"count":1,"href":"https:\/\/lahora.mx\/index.php\/wp-json\/wp\/v2\/posts\/37756\/revisions"}],"predecessor-version":[{"id":37758,"href":"https:\/\/lahora.mx\/index.php\/wp-json\/wp\/v2\/posts\/37756\/revisions\/37758"}],"wp:featuredmedia":[{"embeddable":true,"href":"https:\/\/lahora.mx\/index.php\/wp-json\/wp\/v2\/media\/37757"}],"wp:attachment":[{"href":"https:\/\/lahora.mx\/index.php\/wp-json\/wp\/v2\/media?parent=37756"}],"wp:term":[{"taxonomy":"category","embeddable":true,"href":"https:\/\/lahora.mx\/index.php\/wp-json\/wp\/v2\/categories?post=37756"},{"taxonomy":"post_tag","embeddable":true,"href":"https:\/\/lahora.mx\/index.php\/wp-json\/wp\/v2\/tags?post=37756"}],"curies":[{"name":"wp","href":"https:\/\/api.w.org\/{rel}","templated":true}]}}